{"id":47592,"date":"2022-11-03T17:51:52","date_gmt":"2022-11-03T23:51:52","guid":{"rendered":"http:\/\/www.zonaroja.com.mx\/?p=47592"},"modified":"2022-11-03T17:51:54","modified_gmt":"2022-11-03T23:51:54","slug":"crisis-de-la-basura-en-la-ciudad-de-oaxaca-durara-mas-de-un-mes","status":"publish","type":"post","link":"https:\/\/zonaroja.com.mx\/?p=47592","title":{"rendered":"Crisis de la basura en la ciudad de Oaxaca durar\u00e1 m\u00e1s de un mes"},"content":{"rendered":"\n<p>Yuridiana Sosa\/Zona Roja.<\/p>\n\n\n\n<p>Oaxaca de Ju\u00e1rez, Oax., 3 de noviembre de 2022.- Sin mayor informaci\u00f3n de las caracter\u00edsticas sobre el terreno adquirido para el dep\u00f3sito de basura de la capital, el presidente municipal de Oaxaca de Ju\u00e1rez, Francisco Mart\u00ednez Neri, se\u00f1al\u00f3 que ser\u00e1 utilizado \u00fanicamente como centro de transferencia para compactar los residuos inorg\u00e1nicos.<\/p>\n\n\n\n<p>En entrevista colectiva, tras la sesi\u00f3n ordinaria de Cabildo, el edil evit\u00f3 dar detalles sobre la ubicaci\u00f3n del predio del que se concret\u00f3 su adquisici\u00f3n el pasado 1 de noviembre, esto para evitar disidencias o situaciones que compliquen su uso.<\/p>\n\n\n\n<p>Expuso que el terreno \u2014que se prev\u00e9 sea en jurisdicci\u00f3n de la Villa de Zaachila\u2014 podr\u00e1 ocuparse en aproximadamente un mes, pues previamente se deben realizar trabajos para acondicionar el lugar, que ser\u00e1n a partir de unos 15 d\u00edas m\u00e1s.<\/p>\n\n\n\n<p>Mart\u00ednez Neri tambi\u00e9n evadi\u00f3 responder, aclarar o negar en p\u00fablico a la propuesta del Sindicato \u201c3 de Marzo\u201d sobre la reapertura del basurero de Zaachila -cerrado el pasado 8 de octubre, del que es propietario el ayuntamiento de Oaxaca de Ju\u00e1rez-&nbsp; en tanto se cuente con un espacio adecuado para el destino final de desechos; pues dijo, quiere \u201cevitar conflictos\u201d, y agreg\u00f3 que \u201clo importante es encontrar soluciones conjuntas\u201d.<\/p>\n\n\n\n<p>FUNCIONAMIENTO<\/p>\n\n\n\n<p>Los residuos s\u00f3lidos inorg\u00e1nicos que se recolecten ser\u00e1n transferidos a dicho espacio y posteriormente traslados a otro destino; as\u00ed tambi\u00e9n, se deber\u00e1 separar previamente los desechos como vidrio, televisores, metales, bater\u00edas para evitar el esparcimiento de contaminantes.<\/p>\n\n\n\n<figure class=\"wp-block-embed is-type-rich is-provider-twitter wp-block-embed-twitter\"><div class=\"wp-block-embed__wrapper\">\n<div class=\"twitter-tweet\"><blockquote class=\"twitter-tweet\" data-lang=\"es\"><p lang=\"es\" dir=\"ltr\"><a href=\"https:\/\/twitter.com\/hashtag\/%C3%9AltimoMinuto?src=hash&amp;ref_src=twsrc%5Etfw\">#\u00daltimoMinuto<\/a> <br>En entrevista colectiva, el edil del <a href=\"https:\/\/twitter.com\/MunicipioOaxaca?ref_src=twsrc%5Etfw\">@MunicipioOaxaca<\/a>, <a href=\"https:\/\/twitter.com\/FMartinezNeri?ref_src=twsrc%5Etfw\">@FMartinezNeri<\/a>. inform\u00f3 que el predio adquirido ser\u00e1 para compactar basura y no deposit\u00f3 final. <br>Dijo que ser\u00eda en al menos un mes en que podr\u00eda operar, debido a que a\u00fan falta habilitarlo. No revela el lugar. <a href=\"https:\/\/t.co\/oyg24DdKHo\">pic.twitter.com\/oyg24DdKHo<\/a><\/p>&mdash; Zona Roja Oaxaca (@ZonaRoja_Oaxaca) <a href=\"https:\/\/twitter.com\/ZonaRoja_Oaxaca\/status\/1588259336131780608?ref_src=twsrc%5Etfw\">3 de noviembre de 2022<\/a><\/blockquote><\/div>\n<\/div><\/figure>\n\n\n\n<p>Mientras que los residuos org\u00e1nicos ya cuentan con un destino final en otro espacio, mismo que ha sido a demanda de campesinos y personas dedicadas a la agricultura, pues los desechos se ocupan como composta, misma que en un futuro pudiera ser donada a la ciudadan\u00eda.<\/p>\n\n\n\n<p>Esto luego que la direcci\u00f3n de la empresa ASUR, del aeropuerto Internacional \u201cBenito Ju\u00e1rez\u201d de Oaxaca en Santa Cruz Xoxocotl\u00e1n, impidiera el ingreso de m\u00e1s camiones recolectores con residuos inorg\u00e1nicos a la zona vecina del \u201cEl Tequio\u201d, donde se vaciaron varias toneladas.<\/p>\n\n\n\n<p>Sobre esos desechos, el edil apunt\u00f3 que no se retirar\u00e1n pues no causan ning\u00fan da\u00f1o al medio ambiente ni generan la atracci\u00f3n de aves carro\u00f1eras que en su momento puedan interferir con el espacio a\u00e9reo o causara da\u00f1o a los vuelos de aviones, como trat\u00f3 de justificar la direcci\u00f3n del aeropuerto.<\/p>\n\n\n\n<p>SATURAN \u201cCUARTEL\u201d<\/p>\n\n\n\n<p>Mientras se acondiciona el nuevo predio, el edil dijo que el servicio de recolecci\u00f3n de basura seguir\u00e1 ocupando el predio del cuartel en riberas del r\u00edo \u201cSalado\u201d, a pesar que el sindicato \u201c3 de Marzo\u201d denunci\u00f3 la saturaci\u00f3n del lugar.<\/p>\n\n\n\n<p>Contradijo a los trabajadores y apunt\u00f3 que \u201ctodav\u00eda hay un cachito\u201d para seguir depositando los desechos que se recolectar\u00e1n en los pr\u00f3ximos d\u00edas.<\/p>\n\n\n\n<p>Durante la sesi\u00f3n de Cabildo, el presidente municipal recalc\u00f3 que aunque ha sido tardado por la dificultad del problema s\u00ed hay atenci\u00f3n conjunta con el gobierno del estado para dar respuesta al conflicto de la basura.<\/p>\n\n\n\n<p>El pasado 1 de noviembre el gobernador de Oaxaca, Alejandro Murat y el edil capitalino anunciaron la adquisici\u00f3n de un predio en un lugar estrat\u00e9gico, con lo que se iniciar\u00eda una nueva etapa en el manejo de los residuos un modelo de separaci\u00f3n de basura, de tal manera que no genere ning\u00fan problema al medio ambiente, ni a las zonas que rodean dicho terreno.<\/p>\n\n\n\n<figure class=\"wp-block-embed is-type-rich is-provider-twitter wp-block-embed-twitter\"><div class=\"wp-block-embed__wrapper\">\n<div class=\"twitter-tweet\"><blockquote class=\"twitter-tweet\" data-lang=\"es\"><p lang=\"es\" dir=\"ltr\">3. Tambi\u00e9n la feligres\u00eda cat\u00f3lica sufre por la <a href=\"https:\/\/twitter.com\/hashtag\/CrisisDeLaBasura?src=hash&amp;ref_src=twsrc%5Etfw\">#CrisisDeLaBasura<\/a> en Oaxaca capital: estos montones, en Sabinos esquina Heroico Colegio Militar, colonia Reforma, afuera del templo de Nuestra Se\u00f1ora de Los Pobres. <a href=\"https:\/\/t.co\/dif7Dv5UkY\">pic.twitter.com\/dif7Dv5UkY<\/a><\/p>&mdash; Zona Roja Oaxaca (@ZonaRoja_Oaxaca) <a href=\"https:\/\/twitter.com\/ZonaRoja_Oaxaca\/status\/1588287749798625280?ref_src=twsrc%5Etfw\">3 de noviembre de 2022<\/a><\/blockquote><\/div>\n<\/div><\/figure>\n","protected":false},"excerpt":{"rendered":"<p>Yuridiana Sosa\/Zona Roja. Oaxaca de Ju\u00e1rez, Oax., 3 de noviembre de 2022.- Sin mayor informaci\u00f3n&hellip;<\/p>\n","protected":false},"author":2,"featured_media":47593,"comment_status":"closed","ping_status":"open","sticky":false,"template":"","format":"standard","meta":{"_lmt_disableupdate":"","_lmt_disable":"","_jetpack_memberships_contains_paid_content":false,"footnotes":""},"categories":[109,47],"tags":[2418],"class_list":["post-47592","post","type-post","status-publish","format-standard","has-post-thumbnail","hentry","category-minuto-a-minuto","category-zona-gris","tag-francisco-martinez-neri"],"jetpack_featured_media_url":"https:\/\/zonaroja.com.mx\/wp-content\/uploads\/2022\/11\/Basura-ciudad-de-Oaxaca.jpg","jetpack_sharing_enabled":true,"_links":{"self":[{"href":"https:\/\/zonaroja.com.mx\/index.php?rest_route=\/wp\/v2\/posts\/47592","targetHints":{"allow":["GET"]}}],"collection":[{"href":"https:\/\/zonaroja.com.mx\/index.php?rest_route=\/wp\/v2\/posts"}],"about":[{"href":"https:\/\/zonaroja.com.mx\/index.php?rest_route=\/wp\/v2\/types\/post"}],"author":[{"embeddable":true,"href":"https:\/\/zonaroja.com.mx\/index.php?rest_route=\/wp\/v2\/users\/2"}],"replies":[{"embeddable":true,"href":"https:\/\/zonaroja.com.mx\/index.php?rest_route=%2Fwp%2Fv2%2Fcomments&post=47592"}],"version-history":[{"count":1,"href":"https:\/\/zonaroja.com.mx\/index.php?rest_route=\/wp\/v2\/posts\/47592\/revisions"}],"predecessor-version":[{"id":47594,"href":"https:\/\/zonaroja.com.mx\/index.php?rest_route=\/wp\/v2\/posts\/47592\/revisions\/47594"}],"wp:featuredmedia":[{"embeddable":true,"href":"https:\/\/zonaroja.com.mx\/index.php?rest_route=\/wp\/v2\/media\/47593"}],"wp:attachment":[{"href":"https:\/\/zonaroja.com.mx\/index.php?rest_route=%2Fwp%2Fv2%2Fmedia&parent=47592"}],"wp:term":[{"taxonomy":"category","embeddable":true,"href":"https:\/\/zonaroja.com.mx\/index.php?rest_route=%2Fwp%2Fv2%2Fcategories&post=47592"},{"taxonomy":"post_tag","embeddable":true,"href":"https:\/\/zonaroja.com.mx\/index.php?rest_route=%2Fwp%2Fv2%2Ftags&post=47592"}],"curies":[{"name":"wp","href":"https:\/\/api.w.org\/{rel}","templated":true}]}}