{"id":47599,"date":"2022-11-03T18:15:39","date_gmt":"2022-11-04T00:15:39","guid":{"rendered":"http:\/\/www.zonaroja.com.mx\/?p=47599"},"modified":"2022-11-03T19:19:02","modified_gmt":"2022-11-04T01:19:02","slug":"lujoso-elefante-gastronomico-en-agonia-a-escasos-meses-de-nacido","status":"publish","type":"post","link":"https:\/\/zonaroja.com.mx\/?p=47599","title":{"rendered":"Lujoso \u201celefante gastron\u00f3mico\u201d, en agon\u00eda a escasos meses de nacido"},"content":{"rendered":"\n<p>Yuridana Sosa\/Zona Roja.<\/p>\n\n\n\n<p>Oaxaca de Ju\u00e1rez, Oax., 3 de noviembre de 2022.- Triste, silencioso y con pasillos y mesas vac\u00edas, luci\u00f3 el Centro Gastron\u00f3mico de Oaxaca, en la capital, durante las fiestas de \u201cD\u00eda de Muertos\u201d pese a la presencia de miles de turistas en la ciudad.<\/p>\n\n\n\n<p>El enorme y elegante complejo ubicado en el antiguo convento del Carmen Alto, a pocos metros del templo de Santo Domingo de Guzm\u00e1n, luci\u00f3 \u201cmuerto\u201d a dos meses de iniciar operaciones \u2013y tres meses inaugurado\u2014 con la idea de \u201crevolucionar\u201d la cocina tradicional y contempor\u00e1nea de Oaxaca, pero desde una selectiva lista de chefs de renombre internacional.<\/p>\n\n\n\n<p>En julio pasado se cort\u00f3 el list\u00f3n de este espacio que tuvo una inversi\u00f3n de 69.8 millones de pesos, por medio de la Secretar\u00eda de Econom\u00eda y el Instituto del Patrimonio Cultural del Estado de Oaxaca (Inpac).<\/p>\n\n\n\n<p>La concurrencia fue novedad durante el d\u00eda de su inauguraci\u00f3n, el 21 de julio, y tras la puesta de actividades hasta el 29 de agosto.<\/p>\n\n\n\n<p>En un recorrido por ZONA ROJA, durante la festividad, se constat\u00f3 la escasa presencia de comensales, restaurantes solitarios donde s\u00f3lo permanec\u00edan los trabajadores, as\u00ed como una planta alta \u2013reservada a eventos especiales- completamente vac\u00eda y desperdiciada que abona m\u00e1s al desocupado lugar.<\/p>\n\n\n\n<p>Nada que envidiar por parte de los locatarios de los mercados tradicionales, quienes ante el anuncio de la apertura de ese lugar tem\u00edan por ser desplazados de la preferencia de los clientes.<\/p>\n\n\n\n<figure class=\"wp-block-embed is-type-rich is-provider-twitter wp-block-embed-twitter\"><div class=\"wp-block-embed__wrapper\">\n<div class=\"twitter-tweet\"><blockquote class=\"twitter-tweet\" data-lang=\"es\"><p lang=\"es\" dir=\"ltr\">El Centro Gastron\u00f3mico de <a href=\"https:\/\/twitter.com\/hashtag\/Oaxaca?src=hash&amp;ref_src=twsrc%5Etfw\">#Oaxaca<\/a>, ubicado en la capital, es un costoso \u201celefante blanco\u201d.<br>En plena temporada vacacional por <a href=\"https:\/\/twitter.com\/hashtag\/DiaDeMuertos?src=hash&amp;ref_src=twsrc%5Etfw\">#DiaDeMuertos<\/a>, luce vac\u00edo.<br>Los locales fueron concesionados a restaurantes de lujo, con precios altos. <a href=\"https:\/\/t.co\/NO34nyG5Th\">pic.twitter.com\/NO34nyG5Th<\/a><\/p>&mdash; Zona Roja Oaxaca (@ZonaRoja_Oaxaca) <a href=\"https:\/\/twitter.com\/ZonaRoja_Oaxaca\/status\/1587964568755634176?ref_src=twsrc%5Etfw\">3 de noviembre de 2022<\/a><\/blockquote><\/div>\n<\/div><\/figure>\n\n\n\n<p>COSTOSO SABOR<\/p>\n\n\n\n<p>La exclusividad del Centro Gastron\u00f3mico de Oaxaca viene desde la concesi\u00f3n de los espacios a restaurantes de alto nivel, que ofrecen platillos tradicionales con elegantes presentaciones y altos costos para un comensal promedio.<\/p>\n\n\n\n<p>Los espacios, que prometen gastronom\u00eda de las ocho regiones del estado, son dirigidos por Aurora Toledo de \u201cZandunga\u201d, Alejandro Ruiz de \u201cCasa Oaxaca\u201d, Rodolfo Castellanos de \u201cOrigen\u201d, Olga Cabrera de \u201cTierra del Sol\u201d, Celia Flori\u00e1n de \u201cLas Quince Letras\u201d, Andrea S\u00e1nchez de \u201cEl Tendaj\u00f3n Agaver\u00eda\u201d, Jos\u00e9 Manuel Ba\u00f1os de \u201cPitiona\u201d y Sab\u00e1s Espinoza de \u201cMaguey y Ma\u00edz\u201d.<\/p>\n\n\n\n<p>Para dar un aire m\u00e1s tradicional, sin dejar las exclusividades, tambi\u00e9n se venden aguas de sabores y nieves tradicionales de \u201cChag\u00fcita\u201d, m\u00e1s 17 marcas de cervezas artesanales por parte de la Asociaci\u00f3n de Cerveceros de Oaxaca, as\u00ed como caf\u00e9 de Blas\u00f3n y mixolog\u00eda a cargo de Jes\u00fas Ortiz de Barra Archivo.<\/p>\n\n\n\n<p>Los precios hacen honor al amplio espacio que conjuga la modernidad con la antigua arquitectura y los renombrados chefs.<\/p>\n\n\n\n<p>Tamales por 70 y hasta 110 pesos; tostadas de pulpo o pescado en 165 pesos; ceviche por 195 pesos son algunos de los costos a la vista; y entre los m\u00e1s accesibles, mole por 90 pesos y orden de tres picadas por 65 pesos, sin considerar el tama\u00f1o de la pieza.<\/p>\n\n\n\n<p>A dos meses de nacido este recinto, a\u00fan carece de vida; la propuesta de un sitio tur\u00edstico gastron\u00f3mico de \u201calto nivel\u201d a\u00fan no se percibe, mientras que las cocinas tradicionales y mercados populares siguen siendo la atracci\u00f3n de turistas.<\/p>\n","protected":false},"excerpt":{"rendered":"<p>Yuridana Sosa\/Zona Roja. Oaxaca de Ju\u00e1rez, Oax., 3 de noviembre de 2022.- Triste, silencioso y&hellip;<\/p>\n","protected":false},"author":2,"featured_media":47601,"comment_status":"closed","ping_status":"open","sticky":false,"template":"","format":"standard","meta":{"_lmt_disableupdate":"","_lmt_disable":"","_jetpack_memberships_contains_paid_content":false,"footnotes":""},"categories":[109,47],"tags":[1897],"class_list":["post-47599","post","type-post","status-publish","format-standard","has-post-thumbnail","hentry","category-minuto-a-minuto","category-zona-gris","tag-centro-gastronomico-de-oaxaca"],"jetpack_featured_media_url":"https:\/\/zonaroja.com.mx\/wp-content\/uploads\/2022\/11\/img_6500.jpg","jetpack_sharing_enabled":true,"_links":{"self":[{"href":"https:\/\/zonaroja.com.mx\/index.php?rest_route=\/wp\/v2\/posts\/47599","targetHints":{"allow":["GET"]}}],"collection":[{"href":"https:\/\/zonaroja.com.mx\/index.php?rest_route=\/wp\/v2\/posts"}],"about":[{"href":"https:\/\/zonaroja.com.mx\/index.php?rest_route=\/wp\/v2\/types\/post"}],"author":[{"embeddable":true,"href":"https:\/\/zonaroja.com.mx\/index.php?rest_route=\/wp\/v2\/users\/2"}],"replies":[{"embeddable":true,"href":"https:\/\/zonaroja.com.mx\/index.php?rest_route=%2Fwp%2Fv2%2Fcomments&post=47599"}],"version-history":[{"count":1,"href":"https:\/\/zonaroja.com.mx\/index.php?rest_route=\/wp\/v2\/posts\/47599\/revisions"}],"predecessor-version":[{"id":47600,"href":"https:\/\/zonaroja.com.mx\/index.php?rest_route=\/wp\/v2\/posts\/47599\/revisions\/47600"}],"wp:featuredmedia":[{"embeddable":true,"href":"https:\/\/zonaroja.com.mx\/index.php?rest_route=\/wp\/v2\/media\/47601"}],"wp:attachment":[{"href":"https:\/\/zonaroja.com.mx\/index.php?rest_route=%2Fwp%2Fv2%2Fmedia&parent=47599"}],"wp:term":[{"taxonomy":"category","embeddable":true,"href":"https:\/\/zonaroja.com.mx\/index.php?rest_route=%2Fwp%2Fv2%2Fcategories&post=47599"},{"taxonomy":"post_tag","embeddable":true,"href":"https:\/\/zonaroja.com.mx\/index.php?rest_route=%2Fwp%2Fv2%2Ftags&post=47599"}],"curies":[{"name":"wp","href":"https:\/\/api.w.org\/{rel}","templated":true}]}}