{"id":4760,"date":"2019-10-12T11:19:38","date_gmt":"2019-10-12T16:19:38","guid":{"rendered":"http:\/\/www.zonaroja.com.mx\/?p=4760"},"modified":"2019-10-12T11:19:41","modified_gmt":"2019-10-12T16:19:41","slug":"organizacion-mundial-contra-la-tortura-exige-aparicion-con-vida-de-ernesto-sernas","status":"publish","type":"post","link":"https:\/\/zonaroja.com.mx\/?p=4760","title":{"rendered":"Organizaci\u00f3n Mundial contra la Tortura exige aparici\u00f3n con vida de Ernesto Sernas"},"content":{"rendered":"\n<p>Evlin Arag\u00f3n\/Redacci\u00f3n.<\/p>\n\n\n\n<p>Oaxaca de Ju\u00e1rez, Oax., 12 de octubre\nde 2019.- La Organizaci\u00f3n Mundial Contra la Tortura (OMCT) alert\u00f3 sobre la\ninacci\u00f3n del Estado m\u00e9xico, particularmente de las autoridades de gobernaci\u00f3n, procuraci\u00f3n\nde justicia y seguridad, en el caso de la desaparici\u00f3n forzada del defensor de\nderechos humanos Ernesto Sernas Garc\u00eda.<\/p>\n\n\n\n<p>Mediante un video difundido a trav\u00e9s de\nlas redes sociales, Miguel Mart\u00edn Zumalac\u00e1rregui, representante de la\norganizaci\u00f3n, desde Bruselas, B\u00e9lgica, reiter\u00f3 su preocupaci\u00f3n por el caso ya\nque han pasado 500 d\u00edas desde la \u00faltima que el defensor fue visto por sus\nfamiliares.&nbsp; <\/p>\n\n\n\n<p>\u201cHan pasado 500 d\u00edas, 500 d\u00edas en lo\nque ha habido una movilizaci\u00f3n importante por parte de las organizaciones de\nderechos humanos en Oaxaca, M\u00e9xico y a nivel internacional, 500 d\u00edas en lo que\nse ha conseguido que el Relator de Naciones Unidas mostrar\u00e1 su preocupaci\u00f3n con\nrespecto al tema, 500 d\u00edas en los que las autoridades mexicanas no han tomado\ncartas en el asunto\u201d, dijo.<\/p>\n\n\n\n<p>Record\u00f3 que el Comit\u00e9 contra la\nDesaparici\u00f3n Forzada de las Naciones Unidas inici\u00f3 una acci\u00f3n urgente sobre el\ncaso del doctor Sernas, pese a ello el Estado Mexicano no ha hecho lo\nsuficiente para presentar con vida al defensor de Derechos Humanos<\/p>\n\n\n\n<p>Mart\u00edn Zumalac\u00e1rregui insisti\u00f3 que las\nautoridades federales deber\u00edan implementar un plan de b\u00fasqueda efectivo que\npermita dar con el paradero de Sernas Garc\u00eda, tomar todas las acciones\nnecesarias para que pueda ser presentado con vida, a la par que reiter\u00f3 su\nrespaldo a quienes integran la organizaci\u00f3n Sol Rojo.<\/p>\n\n\n\n<p>Se\u00f1al\u00f3 que desde Organizaci\u00f3n Mundial\nContra la Tortura no se cansar\u00e1n de luchar hasta que las autoridades den con el\nparadero del abogado y defensor de derechos humanos \u201cPorque vivo se lo\nllevaron, vivo lo queremos\u201d, sentenci\u00f3.<\/p>\n\n\n\n<p>Fue el 10 de mayo del 2018, que Sernas\nGarc\u00eda, fue v\u00edctima de desaparici\u00f3n forzada, de acuerdo con testigos visto por\n\u00faltima en inmediaciones del municipio de San Agust\u00edn de las Juntas, en la zona\nmetropolitana.<\/p>\n\n\n\n<p>Su desaparici\u00f3n de acuerdo, con la\norganizaci\u00f3n Front Line Defender, coincide con un momento crucial en el proceso\npenal en contra de 23 activistas de la organizaci\u00f3n Sol Rojo que fueron\ndetenidos y acusados de terrorismo y porte de explosivos en el 2015, a quienes\nrepresentaban legalmente.<\/p>\n","protected":false},"excerpt":{"rendered":"<p>Evlin Arag\u00f3n\/Redacci\u00f3n. Oaxaca de Ju\u00e1rez, Oax., 12 de octubre de 2019.- La Organizaci\u00f3n Mundial Contra&hellip;<\/p>\n","protected":false},"author":2,"featured_media":4761,"comment_status":"closed","ping_status":"open","sticky":false,"template":"","format":"standard","meta":{"_lmt_disableupdate":"","_lmt_disable":"","_jetpack_memberships_contains_paid_content":false,"footnotes":""},"categories":[109,47],"tags":[767],"class_list":["post-4760","post","type-post","status-publish","format-standard","has-post-thumbnail","hentry","category-minuto-a-minuto","category-zona-gris","tag-ernesto-sernas-garcia"],"jetpack_featured_media_url":"https:\/\/zonaroja.com.mx\/wp-content\/uploads\/2019\/10\/Ernesto-Serna-2.jpg","jetpack_sharing_enabled":true,"_links":{"self":[{"href":"https:\/\/zonaroja.com.mx\/index.php?rest_route=\/wp\/v2\/posts\/4760","targetHints":{"allow":["GET"]}}],"collection":[{"href":"https:\/\/zonaroja.com.mx\/index.php?rest_route=\/wp\/v2\/posts"}],"about":[{"href":"https:\/\/zonaroja.com.mx\/index.php?rest_route=\/wp\/v2\/types\/post"}],"author":[{"embeddable":true,"href":"https:\/\/zonaroja.com.mx\/index.php?rest_route=\/wp\/v2\/users\/2"}],"replies":[{"embeddable":true,"href":"https:\/\/zonaroja.com.mx\/index.php?rest_route=%2Fwp%2Fv2%2Fcomments&post=4760"}],"version-history":[{"count":1,"href":"https:\/\/zonaroja.com.mx\/index.php?rest_route=\/wp\/v2\/posts\/4760\/revisions"}],"predecessor-version":[{"id":4762,"href":"https:\/\/zonaroja.com.mx\/index.php?rest_route=\/wp\/v2\/posts\/4760\/revisions\/4762"}],"wp:featuredmedia":[{"embeddable":true,"href":"https:\/\/zonaroja.com.mx\/index.php?rest_route=\/wp\/v2\/media\/4761"}],"wp:attachment":[{"href":"https:\/\/zonaroja.com.mx\/index.php?rest_route=%2Fwp%2Fv2%2Fmedia&parent=4760"}],"wp:term":[{"taxonomy":"category","embeddable":true,"href":"https:\/\/zonaroja.com.mx\/index.php?rest_route=%2Fwp%2Fv2%2Fcategories&post=4760"},{"taxonomy":"post_tag","embeddable":true,"href":"https:\/\/zonaroja.com.mx\/index.php?rest_route=%2Fwp%2Fv2%2Ftags&post=4760"}],"curies":[{"name":"wp","href":"https:\/\/api.w.org\/{rel}","templated":true}]}}