{"id":47605,"date":"2022-11-03T21:33:19","date_gmt":"2022-11-04T03:33:19","guid":{"rendered":"http:\/\/www.zonaroja.com.mx\/?p=47605"},"modified":"2022-11-03T21:33:20","modified_gmt":"2022-11-04T03:33:20","slug":"ahora-santa-cruz-amilpas-lleva-a-tirar-su-basura-hasta-cuicatlan","status":"publish","type":"post","link":"https:\/\/zonaroja.com.mx\/?p=47605","title":{"rendered":"Ahora Santa Cruz Amilpas lleva a tirar su basura hasta Cuicatl\u00e1n"},"content":{"rendered":"\n<p>Redacci\u00f3n\/RA Noticias.<\/p>\n\n\n\n<p>Oaxaca de Ju\u00e1rez, Oax., a 3 de noviembre de 2022.- La presidenta municipal de&nbsp; San Juan Bautista Cuicatl\u00e1n, Maricel Mariscal Gayt\u00e1n, confirm\u00f3 la retenci\u00f3n de un cami\u00f3n recolector de basura del municipio de&nbsp; Santa Cruz Amilpas, cuyo conductor&nbsp; pretend\u00eda descargarlos en unos de los predios de la regi\u00f3n de la Ca\u00f1ada.&nbsp;<\/p>\n\n\n\n<p>La mun\u00edcipe inform\u00f3 que se trataban de dos camiones recolectores, sin embargo, solo pudieron retener a uno, por lo que est\u00e1n proceso de la verificaci\u00f3n de la multa que le impondr\u00e1n al ayuntamiento de Santa Cruz Amilpas.<\/p>\n\n\n\n<p>\u00abYo ven\u00eda de la ciudad de Oaxaca y vi que el cami\u00f3n estaba por descargar la basura, por lo que continu\u00f3 su ruta, pero yo lo segu\u00ed y&nbsp; ped\u00ed apoyo de la polic\u00eda municipal\u00bb , dijo la presidenta.<\/p>\n\n\n\n<p>Indic\u00f3 que el cami\u00f3n fue trasladado al corral\u00f3n municipal, en tanto el chofer contin\u00faa en la poblaci\u00f3n, hasta que las autoridades sean notificados de la sanci\u00f3n correspondiente.&nbsp;<\/p>\n\n\n\n<p>En respuesta, el ayuntamiento de Santa Cruz Amilpas, pidi\u00f3 la intervenci\u00f3n de la Secretar\u00eda General de Gobierno (Segego); de no hacerlo, amagan con bloquear avenida Ferrocarril, como medida para presionar a la mun\u00edcipe de Cuicatl\u00e1n para que entregue el cami\u00f3n recolector de basura.<\/p>\n","protected":false},"excerpt":{"rendered":"<p>Redacci\u00f3n\/RA Noticias. Oaxaca de Ju\u00e1rez, Oax., a 3 de noviembre de 2022.- La presidenta municipal&hellip;<\/p>\n","protected":false},"author":2,"featured_media":47606,"comment_status":"closed","ping_status":"open","sticky":false,"template":"","format":"standard","meta":{"_lmt_disableupdate":"","_lmt_disable":"","_jetpack_memberships_contains_paid_content":false,"footnotes":""},"categories":[109,47],"tags":[3304],"class_list":["post-47605","post","type-post","status-publish","format-standard","has-post-thumbnail","hentry","category-minuto-a-minuto","category-zona-gris","tag-san-juan-bautista-cuicatlan"],"jetpack_featured_media_url":"https:\/\/zonaroja.com.mx\/wp-content\/uploads\/2022\/11\/Basura-Santa-Cruz-Amilpas-a-CuicatlanPG.jpg","jetpack_sharing_enabled":true,"_links":{"self":[{"href":"https:\/\/zonaroja.com.mx\/index.php?rest_route=\/wp\/v2\/posts\/47605","targetHints":{"allow":["GET"]}}],"collection":[{"href":"https:\/\/zonaroja.com.mx\/index.php?rest_route=\/wp\/v2\/posts"}],"about":[{"href":"https:\/\/zonaroja.com.mx\/index.php?rest_route=\/wp\/v2\/types\/post"}],"author":[{"embeddable":true,"href":"https:\/\/zonaroja.com.mx\/index.php?rest_route=\/wp\/v2\/users\/2"}],"replies":[{"embeddable":true,"href":"https:\/\/zonaroja.com.mx\/index.php?rest_route=%2Fwp%2Fv2%2Fcomments&post=47605"}],"version-history":[{"count":1,"href":"https:\/\/zonaroja.com.mx\/index.php?rest_route=\/wp\/v2\/posts\/47605\/revisions"}],"predecessor-version":[{"id":47607,"href":"https:\/\/zonaroja.com.mx\/index.php?rest_route=\/wp\/v2\/posts\/47605\/revisions\/47607"}],"wp:featuredmedia":[{"embeddable":true,"href":"https:\/\/zonaroja.com.mx\/index.php?rest_route=\/wp\/v2\/media\/47606"}],"wp:attachment":[{"href":"https:\/\/zonaroja.com.mx\/index.php?rest_route=%2Fwp%2Fv2%2Fmedia&parent=47605"}],"wp:term":[{"taxonomy":"category","embeddable":true,"href":"https:\/\/zonaroja.com.mx\/index.php?rest_route=%2Fwp%2Fv2%2Fcategories&post=47605"},{"taxonomy":"post_tag","embeddable":true,"href":"https:\/\/zonaroja.com.mx\/index.php?rest_route=%2Fwp%2Fv2%2Ftags&post=47605"}],"curies":[{"name":"wp","href":"https:\/\/api.w.org\/{rel}","templated":true}]}}