{"id":47608,"date":"2022-11-03T21:55:02","date_gmt":"2022-11-04T03:55:02","guid":{"rendered":"http:\/\/www.zonaroja.com.mx\/?p=47608"},"modified":"2022-11-03T21:55:04","modified_gmt":"2022-11-04T03:55:04","slug":"detienen-a-ex-pareja-de-abigail-en-salina-cruz-lo-liberaran-luego","status":"publish","type":"post","link":"https:\/\/zonaroja.com.mx\/?p=47608","title":{"rendered":"Detienen a ex pareja de Abigail en Salina Cruz; lo liberar\u00e1n luego"},"content":{"rendered":"\n<p>Ismael Garc\u00eda M.\/Zona Roja.<\/p>\n\n\n\n<p>Oaxaca de Ju\u00e1rez, Oax., a 3 de noviembre de 2022.- Personal de la Fiscal\u00eda General del Estado de Oaxaca detuvo esta tarde-noche en el municipio de Salina Cruz a Kleiver Nazario Espinoza, quien fuera pareja de Abigail H. U., quien muri\u00f3 el 19 de agosto en una c\u00e1rcel municipal.<\/p>\n\n\n\n<p>Sin embargo, de acuerdo con fuentes ministeriales, el individuo podr\u00eda ser liberado esta misma noche, debido a que cuenta con un amparo en contra de cualquier orden de aprehensi\u00f3n.<\/p>\n\n\n\n<p>Desde la muerte de Abigail, el padre de la joven y dem\u00e1s familiares hab\u00edan demandado a la Fiscal\u00eda General que detuvieran a Kleiver, por presuntamente tener responsabilidad en el presunto suicidio de la joven madre de familia.<\/p>\n\n\n\n<p>El pasado 13 de octubre, a trav\u00e9s de la Unidad de B\u00fasqueda de Personas Desaparecidas, dependiente de la Fiscal\u00eda, se emiti\u00f3 una Alerta \u00c1mbar para localizar al hijo peque\u00f1o de Abigail, que presuntamente Kleiver se habr\u00eda llevado.<\/p>\n\n\n\n<p>Hasta el momento se desconoce el delito que se le imputa a la ex pareja de Abigail.<\/p>\n","protected":false},"excerpt":{"rendered":"<p>Ismael Garc\u00eda M.\/Zona Roja. Oaxaca de Ju\u00e1rez, Oax., a 3 de noviembre de 2022.- Personal&hellip;<\/p>\n","protected":false},"author":2,"featured_media":45100,"comment_status":"closed","ping_status":"open","sticky":false,"template":"","format":"standard","meta":{"_lmt_disableupdate":"","_lmt_disable":"","_jetpack_memberships_contains_paid_content":false,"footnotes":""},"categories":[109,47],"tags":[3234],"class_list":["post-47608","post","type-post","status-publish","format-standard","has-post-thumbnail","hentry","category-minuto-a-minuto","category-zona-gris","tag-abigail-hay-urrutia"],"jetpack_featured_media_url":"https:\/\/zonaroja.com.mx\/wp-content\/uploads\/2022\/08\/Kleiver-Nazario-Espinoza-caso-Abigail.jpg","jetpack_sharing_enabled":true,"_links":{"self":[{"href":"https:\/\/zonaroja.com.mx\/index.php?rest_route=\/wp\/v2\/posts\/47608","targetHints":{"allow":["GET"]}}],"collection":[{"href":"https:\/\/zonaroja.com.mx\/index.php?rest_route=\/wp\/v2\/posts"}],"about":[{"href":"https:\/\/zonaroja.com.mx\/index.php?rest_route=\/wp\/v2\/types\/post"}],"author":[{"embeddable":true,"href":"https:\/\/zonaroja.com.mx\/index.php?rest_route=\/wp\/v2\/users\/2"}],"replies":[{"embeddable":true,"href":"https:\/\/zonaroja.com.mx\/index.php?rest_route=%2Fwp%2Fv2%2Fcomments&post=47608"}],"version-history":[{"count":1,"href":"https:\/\/zonaroja.com.mx\/index.php?rest_route=\/wp\/v2\/posts\/47608\/revisions"}],"predecessor-version":[{"id":47609,"href":"https:\/\/zonaroja.com.mx\/index.php?rest_route=\/wp\/v2\/posts\/47608\/revisions\/47609"}],"wp:featuredmedia":[{"embeddable":true,"href":"https:\/\/zonaroja.com.mx\/index.php?rest_route=\/wp\/v2\/media\/45100"}],"wp:attachment":[{"href":"https:\/\/zonaroja.com.mx\/index.php?rest_route=%2Fwp%2Fv2%2Fmedia&parent=47608"}],"wp:term":[{"taxonomy":"category","embeddable":true,"href":"https:\/\/zonaroja.com.mx\/index.php?rest_route=%2Fwp%2Fv2%2Fcategories&post=47608"},{"taxonomy":"post_tag","embeddable":true,"href":"https:\/\/zonaroja.com.mx\/index.php?rest_route=%2Fwp%2Fv2%2Ftags&post=47608"}],"curies":[{"name":"wp","href":"https:\/\/api.w.org\/{rel}","templated":true}]}}