{"id":47615,"date":"2022-11-04T09:55:00","date_gmt":"2022-11-04T15:55:00","guid":{"rendered":"http:\/\/www.zonaroja.com.mx\/?p=47615"},"modified":"2022-11-04T07:00:25","modified_gmt":"2022-11-04T13:00:25","slug":"en-campana-oaxacasinchatarra-develan-mural-en-escuela-de-zaachila","status":"publish","type":"post","link":"https:\/\/zonaroja.com.mx\/?p=47615","title":{"rendered":"En campa\u00f1a #OaxacaSinChatarra, develan mural en escuela de Zaachila"},"content":{"rendered":"\n<p>Redacci\u00f3n\/Zona Roja.<\/p>\n\n\n\n<p>Oaxaca de Ju\u00e1rez, Oax., a 4 de noviembre de 2022.- En el marco de la campa\u00f1a&nbsp;&nbsp;\u201cPor el derecho a una alimentaci\u00f3n sana y nutritiva\u201d, #OaxacaSinChatarra, impulsada por diversas organizaciones de la sociedad civil, la codirectora de Consorcio para el Di\u00e1logo Parlamentario y la Equidad Oaxaca, Y\u00e9sica S\u00e1nchez Maya,&nbsp;&nbsp;junto con la artista pl\u00e1stica Ana Xhopa,&nbsp;develaron un mural alusivo en el jard\u00edn de ni\u00f1os y ni\u00f1as \u201cDo\u00f1a Josefa Ortiz de Dom\u00ednguez\u201d, ubicado en la Villa de Zaachila.<\/p>\n\n\n\n<p>En ese sentido, S\u00e1nchez Maya explic\u00f3 que esta actividad forma parte de la campa\u00f1a iniciada en el a\u00f1o 2020, despu\u00e9s de que entrara en &nbsp;vigor la reforma legal que coloc\u00f3 a Oaxaca como el primer estado de la Rep\u00fablica en prohibir la venta, regalo o distribuci\u00f3n&nbsp;directa de bebidas azucaradas y alimentos envasados con alto contenido cal\u00f3rico, a menores de edad.<\/p>\n\n\n\n<p>Acompa\u00f1ada de la coordinadora de esta comunidad educativa, Beatriz Picazo P\u00e9rez, as\u00ed como&nbsp;el coordinador adjunto del&nbsp;Centro de Apoyo para la Educaci\u00f3n y Creatividad \u201cCalpulli\u201d A.C.,&nbsp;&nbsp;Felipe S\u00e1nchez Rodr\u00edguez;&nbsp;alert\u00f3 sobre el &nbsp;excesivo consumo de alimentos ultraprocesados, los cuales \u2013dijo- est\u00e1n estrechamente vinculados a enfermedades como la diabetes y la hipertensi\u00f3n arterial. &nbsp;Padecimientos que, destac\u00f3, complicaron la salud de cientos de personas en el contextode la pandemia por el Covid-19.&nbsp;<\/p>\n\n\n\n<p>\u201cLa &nbsp;pandemia nos hizo recolocarnos en una l\u00f3gica diferenciada de que est\u00e1bamos mal alimentados, \u00bfno? Lo que volvi\u00f3 fundamental la necesidad de cambiar paradigmas de alimentaci\u00f3n para tener una vida digna, sana y saludable\u201d, se\u00f1al\u00f3.&nbsp;&nbsp;<\/p>\n\n\n\n<p>Por ello,&nbsp;destac\u00f3 que&nbsp;Consorcio Oaxaca,&nbsp;junto con el&nbsp;Centro de Apoyo para la Educaci\u00f3n y Creatividad \u201cCalpulli\u201d A.C.,&nbsp;la&nbsp;Red por los Derechos de la Infancia en M\u00e9xico,&nbsp;Espiral por la Vida A.C.,&nbsp;Mano Vuelta A.C.,&nbsp;El Poder del Consumidor A.C.,&nbsp;Pi\u00f1a Palmera A.C.,&nbsp;Puente a la Salud Comunitaria A.C.,&nbsp;Alianza por la Salud Alimentaria,&nbsp;el&nbsp;Centro de Apoyo al Movimiento Popular Oaxaque\u00f1o A.C., la&nbsp;Universidad de la Tierra, el municipio de&nbsp;San Juan Quiahije&nbsp;y&nbsp;Espacio Civil de Oaxaca,&nbsp;impulsaron dicha&nbsp;campa\u00f1a que busca generar otra conciencia de h\u00e1bitos de alimentaci\u00f3n.&nbsp;&nbsp;<\/p>\n\n\n\n<p>De igual manera, la profesora Beatriz Picazo P\u00e9rez se\u00f1al\u00f3 que la elaboraci\u00f3n del mural incluy\u00f3 un proceso de gestor\u00eda pero tambi\u00e9n una reflexi\u00f3n sobre la alimentaci\u00f3n local en la que las familias de las ni\u00f1as y ni\u00f1os tuvieron oportunidad de participar.&nbsp;<\/p>\n\n\n\n<p>\u201cNos tuvimos que reunir para compartir y reflexionar sobre qu\u00e9 tanta chatarra se sigue consumiendo y c\u00f3mo podemos rescatar los alimentos de nuestra cultura, de nuestras ra\u00edces y nuestra comunidad; vivir ese proceso fue una experiencia muy significativa para todas porque las ni\u00f1as y ni\u00f1os participaron\u201d, subray\u00f3.&nbsp;<\/p>\n\n\n\n<p>En su oportunidad, la artista Ana Xhopa explic\u00f3 el significado de su mural en el que se observa a una ni\u00f1a y un ni\u00f1o consumiendo alimentos locales como el tejate y los dulces regionales.&nbsp;<\/p>\n\n\n\n<p>En \u00e9l se plasmaron productos tradicionales de la Villa de Zaachila como los nopales, el frijol, los cacahuates y el ma\u00edz; adem\u00e1s de hacer referencia al almud, antigua unidad de medida para granos.&nbsp;<\/p>\n\n\n\n<p>\u201cLa idea de #OaxacaSinChatarra&nbsp;va m\u00e1s all\u00e1 de&nbsp;dejar de consumir los alimentos &nbsp;ultraprocesados, hay una din\u00e1mica atr\u00e1s de cuidado del campo, de alimentos tradicionales; tenemos aqu\u00ed a los consumidores, son dos ni\u00f1os del k\u00ednder que est\u00e1n conectados con los cerros porque cuando nos alimentamos bien, tambi\u00e9n estamos cuidando a la tierra; cuando consumimos alimentos tradicionales estamos cuidando no solo del cuerpo sino de la tierra,&nbsp;as\u00ed&nbsp;como fortalecer las&nbsp;econom\u00edas&nbsp;locales\u201d, destac\u00f3.&nbsp;<\/p>\n","protected":false},"excerpt":{"rendered":"<p>Redacci\u00f3n\/Zona Roja. Oaxaca de Ju\u00e1rez, Oax., a 4 de noviembre de 2022.- En el marco&hellip;<\/p>\n","protected":false},"author":2,"featured_media":47616,"comment_status":"closed","ping_status":"open","sticky":false,"template":"","format":"standard","meta":{"_lmt_disableupdate":"","_lmt_disable":"","_jetpack_memberships_contains_paid_content":false,"footnotes":""},"categories":[109,46],"tags":[548],"class_list":["post-47615","post","type-post","status-publish","format-standard","has-post-thumbnail","hentry","category-minuto-a-minuto","category-zona-blanca","tag-consorcio-oaxaca"],"jetpack_featured_media_url":"https:\/\/zonaroja.com.mx\/wp-content\/uploads\/2022\/11\/Mural-Ana-Xhopa-7.jpeg","jetpack_sharing_enabled":true,"_links":{"self":[{"href":"https:\/\/zonaroja.com.mx\/index.php?rest_route=\/wp\/v2\/posts\/47615","targetHints":{"allow":["GET"]}}],"collection":[{"href":"https:\/\/zonaroja.com.mx\/index.php?rest_route=\/wp\/v2\/posts"}],"about":[{"href":"https:\/\/zonaroja.com.mx\/index.php?rest_route=\/wp\/v2\/types\/post"}],"author":[{"embeddable":true,"href":"https:\/\/zonaroja.com.mx\/index.php?rest_route=\/wp\/v2\/users\/2"}],"replies":[{"embeddable":true,"href":"https:\/\/zonaroja.com.mx\/index.php?rest_route=%2Fwp%2Fv2%2Fcomments&post=47615"}],"version-history":[{"count":1,"href":"https:\/\/zonaroja.com.mx\/index.php?rest_route=\/wp\/v2\/posts\/47615\/revisions"}],"predecessor-version":[{"id":47617,"href":"https:\/\/zonaroja.com.mx\/index.php?rest_route=\/wp\/v2\/posts\/47615\/revisions\/47617"}],"wp:featuredmedia":[{"embeddable":true,"href":"https:\/\/zonaroja.com.mx\/index.php?rest_route=\/wp\/v2\/media\/47616"}],"wp:attachment":[{"href":"https:\/\/zonaroja.com.mx\/index.php?rest_route=%2Fwp%2Fv2%2Fmedia&parent=47615"}],"wp:term":[{"taxonomy":"category","embeddable":true,"href":"https:\/\/zonaroja.com.mx\/index.php?rest_route=%2Fwp%2Fv2%2Fcategories&post=47615"},{"taxonomy":"post_tag","embeddable":true,"href":"https:\/\/zonaroja.com.mx\/index.php?rest_route=%2Fwp%2Fv2%2Ftags&post=47615"}],"curies":[{"name":"wp","href":"https:\/\/api.w.org\/{rel}","templated":true}]}}