{"id":47623,"date":"2022-11-04T07:31:23","date_gmt":"2022-11-04T13:31:23","guid":{"rendered":"http:\/\/www.zonaroja.com.mx\/?p=47623"},"modified":"2022-11-04T07:39:46","modified_gmt":"2022-11-04T13:39:46","slug":"detienen-a-mujer-que-robo-a-bebe-en-juchitan-pero-no-aparece-menor","status":"publish","type":"post","link":"https:\/\/zonaroja.com.mx\/?p=47623","title":{"rendered":"Detienen a mujer que rob\u00f3 a beb\u00e9 en Juchit\u00e1n, pero no aparece menor"},"content":{"rendered":"\n<p>Ismael Garc\u00eda M.\/Zona Roja.<\/p>\n\n\n\n<p>Oaxaca de Ju\u00e1rez, Oax., a 4 de noviembre de 2022.- Una mujer fue detenida ayer en Puerto Escondido, Oaxaca, como probable responsable del robo de una menor de nueve meses de edad ocurrido en Juchit\u00e1n de Zaragoza.<\/p>\n\n\n\n<p>Sin embargo, la beb\u00e9 a\u00fan no aparece y seg\u00fan la femenina Rosy Ovando, que trabajaba con la familia donde sustrajo la peque\u00f1a, se qued\u00f3 en un hotel en Salina Cruz.<\/p>\n\n\n\n<p>Seg\u00fan la Alerta \u00c1mber emitida por la Fiscal\u00eda General del Estado de Oaxaca, la menor fue vista por \u00faltima vez el pasado 20 de octubre de 2022 y consider\u00f3 que la vida de la peque\u00f1a est\u00e1 en riesgo, ya que puede ser v\u00edctima de la comisi\u00f3n de un delito.<\/p>\n\n\n\n<p>De acuerdo con los familiares de la beb\u00e9, Rosy trabajaba con ellos y pidi\u00f3 permiso para llevarse de vacaciones a Puerto Escondido a una de las dos gemelas; sin embargo, no supieron m\u00e1s de ellas.<\/p>\n\n\n\n<p>Seg\u00fan la informaci\u00f3n preliminar, fue ayer por la tarde en un crucero vial de Puerto Escondido en que fue detenida la mujer pero no ten\u00eda a la beb\u00e9 en su poder.<\/p>\n\n\n\n<p>La se\u00f1ora Yuridiana Hern\u00e1ndez Linares, madre de las gemelas, confirm\u00f3 a diversos medios la aprehensi\u00f3n de la mujer a quien identifican como \u201cLa Cachorra\u201d.<\/p>\n\n\n\n<p>Pero la supuesta plagiaria argument\u00f3 que le quitaron a la beb\u00e9 en el hotel \u201cLas Palmas\u201d de Salina Cruz; posteriormente recibi\u00f3 llamadas en la que le exig\u00edan 150 mil pesos para devolver a la menor.<\/p>\n\n\n\n<p>La Fiscal\u00eda General del Estado indaga ahora en la ciudad porte\u00f1a la ubicaci\u00f3n de la menor de nueve mese de edad.<\/p>\n","protected":false},"excerpt":{"rendered":"<p>Ismael Garc\u00eda M.\/Zona Roja. Oaxaca de Ju\u00e1rez, Oax., a 4 de noviembre de 2022.- Una&hellip;<\/p>\n","protected":false},"author":2,"featured_media":47624,"comment_status":"closed","ping_status":"open","sticky":false,"template":"","format":"standard","meta":{"_lmt_disableupdate":"","_lmt_disable":"","_jetpack_memberships_contains_paid_content":false,"footnotes":""},"categories":[109,47],"tags":[],"class_list":["post-47623","post","type-post","status-publish","format-standard","has-post-thumbnail","hentry","category-minuto-a-minuto","category-zona-gris"],"jetpack_featured_media_url":"https:\/\/zonaroja.com.mx\/wp-content\/uploads\/2022\/11\/Alerta-amber-menor-Juchitan-gemelo.jpg","jetpack_sharing_enabled":true,"_links":{"self":[{"href":"https:\/\/zonaroja.com.mx\/index.php?rest_route=\/wp\/v2\/posts\/47623","targetHints":{"allow":["GET"]}}],"collection":[{"href":"https:\/\/zonaroja.com.mx\/index.php?rest_route=\/wp\/v2\/posts"}],"about":[{"href":"https:\/\/zonaroja.com.mx\/index.php?rest_route=\/wp\/v2\/types\/post"}],"author":[{"embeddable":true,"href":"https:\/\/zonaroja.com.mx\/index.php?rest_route=\/wp\/v2\/users\/2"}],"replies":[{"embeddable":true,"href":"https:\/\/zonaroja.com.mx\/index.php?rest_route=%2Fwp%2Fv2%2Fcomments&post=47623"}],"version-history":[{"count":2,"href":"https:\/\/zonaroja.com.mx\/index.php?rest_route=\/wp\/v2\/posts\/47623\/revisions"}],"predecessor-version":[{"id":47626,"href":"https:\/\/zonaroja.com.mx\/index.php?rest_route=\/wp\/v2\/posts\/47623\/revisions\/47626"}],"wp:featuredmedia":[{"embeddable":true,"href":"https:\/\/zonaroja.com.mx\/index.php?rest_route=\/wp\/v2\/media\/47624"}],"wp:attachment":[{"href":"https:\/\/zonaroja.com.mx\/index.php?rest_route=%2Fwp%2Fv2%2Fmedia&parent=47623"}],"wp:term":[{"taxonomy":"category","embeddable":true,"href":"https:\/\/zonaroja.com.mx\/index.php?rest_route=%2Fwp%2Fv2%2Fcategories&post=47623"},{"taxonomy":"post_tag","embeddable":true,"href":"https:\/\/zonaroja.com.mx\/index.php?rest_route=%2Fwp%2Fv2%2Ftags&post=47623"}],"curies":[{"name":"wp","href":"https:\/\/api.w.org\/{rel}","templated":true}]}}