{"id":47627,"date":"2022-11-06T09:54:00","date_gmt":"2022-11-06T15:54:00","guid":{"rendered":"http:\/\/www.zonaroja.com.mx\/?p=47627"},"modified":"2022-11-05T19:03:24","modified_gmt":"2022-11-06T01:03:24","slug":"mexico-el-pais-con-mas-periodistas-asesinados-entre-2020-2021-unesco","status":"publish","type":"post","link":"https:\/\/zonaroja.com.mx\/?p=47627","title":{"rendered":"M\u00e9xico, el pa\u00eds con m\u00e1s periodistas asesinados entre 2020-2021: UNESCO"},"content":{"rendered":"\n<p>Redacci\u00f3n\/Zona Roja Cdmx.<\/p>\n\n\n\n<p>Ciudad de M\u00e9xico, a 6 de noviembre de 2022.- La Organizaci\u00f3n de las Naciones Unidas para la Educaci\u00f3n, la Ciencia y la Cultura (UNESCO) se\u00f1al\u00f3 a M\u00e9xico como el pa\u00eds con m\u00e1s periodistas asesinados en el periodo 2020-2021.<\/p>\n\n\n\n<p>En su informe sobre la seguridad de los periodistas, publicado para conmemorar el D\u00eda Internacional para Poner Fin a la Impunidad de los Cr\u00edmenes contra Periodistas, la organizaci\u00f3n alert\u00f3 sobre este riesgo para los comunicadores mexicanos.<\/p>\n\n\n\n<p>\u201cEn 2021, los pa\u00edses con mayor n\u00famero de v\u00edctimas mortales fueron M\u00e9xico (nueve), Afganist\u00e1n (siete) e India (cinco). En 2020, las cifras m\u00e1s altas de ataques mortales se registraron nuevamente en M\u00e9xico (10), Afganist\u00e1n (seis) e India (seis)\u201d, detall\u00f3 el organismo.<\/p>\n\n\n\n<p>Asimismo, la UNESCO se\u00f1al\u00f3 que Am\u00e9rica Latina es la segunda regi\u00f3n m\u00e1s peligrosa para ejercer el periodismo, ya que durante este tiempo asesinaron a 38 comunicadores, de los cuales 19 fueron mexicanos.<\/p>\n\n\n\n<p>Sin embargo, la entidad reconoci\u00f3 que el gobierno mexicano ha colaborado al brindar informaci\u00f3n sobre los casos que se tienen abiertos, al igual que se han buscado implementar programas de ayuda para los comunicadores.<\/p>\n\n\n\n<p>Tambi\u00e9n expuso que la violencia contra comunicadores ha ido en aumento en pa\u00edses en situaci\u00f3n de paz.<\/p>\n\n\n\n<p>\u201cLos datos a nivel global muestran que se han incrementado los asesinatos de periodistas en pa\u00edses que no est\u00e1n en situaci\u00f3n de conflicto armado, una tendencia iniciada en 2016\u2033, afirm\u00f3 la UNESCO.<\/p>\n\n\n\n<p>Asimismo, encontr\u00f3 que los homicidios en pa\u00edses que no est\u00e1n en situaci\u00f3n de conflicto armado representaron 64 por ciento del total de asesinatos entre 2020-2021.<\/p>\n\n\n\n<p>Dentro de su reporte, la organizaci\u00f3n lament\u00f3 que 86 por ciento de los asesinatos a nivel mundial queda impune, lo que no muestra una mejor\u00eda en los \u00faltimos 10 a\u00f1os, aunque insisti\u00f3 en que no es suficiente.<\/p>\n\n\n\n<p>\u201cLos datos muestran que el \u00edndice de impunidad s\u00f3lo ha disminuido 9 por ciento en los \u00faltimos 10 a\u00f1os, un descenso insuficiente para conseguir frenar la espiral de violencia\u201d, sostuvo la entidad.<\/p>\n\n\n\n<p>La UNESCO tambi\u00e9n encontr\u00f3 que los comunicadores corren cada vez m\u00e1s riesgos en cualquier lado, ya que 78 por ciento muri\u00f3 fuera de horas de trabajo, y en espacios privados.<\/p>\n\n\n\n<p>\u201cEl informe tambi\u00e9n muestra que no hay espacios seguros para los periodistas. En 2020-2021, de los 117 periodistas asesinados por serlo, 91 lo fueron fuera de su horario de trabajo; por ejemplo, en su casa, en sus veh\u00edculos o en la calle, pero no en una misi\u00f3n espec\u00edfica\u201d, sostuvo.<\/p>\n\n\n\n<p>Al respecto, Audrey Azoulay, directora de la UNESCO, afirm\u00f3 que no se puede proteger la libertad de expresi\u00f3n cuando hay un n\u00famero tan grande de casos de asesinatos de periodistas sin resolver.<\/p>\n\n\n\n<p>\u201cEsto tiene un efecto escalofriante en el periodismo de investigaci\u00f3n, vital para la salud de cualquier democracia\u201d, declar\u00f3.<\/p>\n\n\n\n<p>Adem\u00e1s, hizo hincapi\u00e9 en que los gobernantes de todo el mundo deben de llevar a cabo nuevas acciones para poder frenar estos cr\u00edmenes.<\/p>\n\n\n\n<p>\u201cEn el d\u00e9cimo aniversario del Plan de Acci\u00f3n de la ONU sobre la Seguridad de los Periodistas, pido a los gobiernos y a todas las partes interesadas que redoblen sus esfuerzos para acabar con la impunidad de los cr\u00edmenes contra los periodistas\u201d, enfatiz\u00f3 Azoulay.<\/p>\n\n\n\n<p>Por otra parte, la organizaci\u00f3n se uni\u00f3 a este exhorto, se\u00f1alando que se deben impulsar las averiguaciones para dar con los responsables de cometer estos actos.<\/p>\n\n\n\n<p>\u201cLa UNESCO renueva su llamamiento para que se tomen todas las medidas necesarias para garantizar que los cr\u00edmenes cometidos contra periodistas se investiguen adecuadamente y se identifique y condene a sus autores\u201d, remarc\u00f3.<\/p>\n\n\n\n<p>(Informaci\u00f3n de \u201cEl Financiero\u201d)<\/p>\n","protected":false},"excerpt":{"rendered":"<p>Redacci\u00f3n\/Zona Roja Cdmx. Ciudad de M\u00e9xico, a 6 de noviembre de 2022.- La Organizaci\u00f3n de&hellip;<\/p>\n","protected":false},"author":2,"featured_media":42181,"comment_status":"closed","ping_status":"open","sticky":false,"template":"","format":"standard","meta":{"_lmt_disableupdate":"","_lmt_disable":"","_jetpack_memberships_contains_paid_content":false,"footnotes":""},"categories":[109,47],"tags":[1016],"class_list":["post-47627","post","type-post","status-publish","format-standard","has-post-thumbnail","hentry","category-minuto-a-minuto","category-zona-gris","tag-asesinato-de-periodistas-en-mexico"],"jetpack_featured_media_url":"https:\/\/zonaroja.com.mx\/wp-content\/uploads\/2022\/06\/Violencia-asesinatos-periodistas-prensa.jpg","jetpack_sharing_enabled":true,"_links":{"self":[{"href":"https:\/\/zonaroja.com.mx\/index.php?rest_route=\/wp\/v2\/posts\/47627","targetHints":{"allow":["GET"]}}],"collection":[{"href":"https:\/\/zonaroja.com.mx\/index.php?rest_route=\/wp\/v2\/posts"}],"about":[{"href":"https:\/\/zonaroja.com.mx\/index.php?rest_route=\/wp\/v2\/types\/post"}],"author":[{"embeddable":true,"href":"https:\/\/zonaroja.com.mx\/index.php?rest_route=\/wp\/v2\/users\/2"}],"replies":[{"embeddable":true,"href":"https:\/\/zonaroja.com.mx\/index.php?rest_route=%2Fwp%2Fv2%2Fcomments&post=47627"}],"version-history":[{"count":2,"href":"https:\/\/zonaroja.com.mx\/index.php?rest_route=\/wp\/v2\/posts\/47627\/revisions"}],"predecessor-version":[{"id":47688,"href":"https:\/\/zonaroja.com.mx\/index.php?rest_route=\/wp\/v2\/posts\/47627\/revisions\/47688"}],"wp:featuredmedia":[{"embeddable":true,"href":"https:\/\/zonaroja.com.mx\/index.php?rest_route=\/wp\/v2\/media\/42181"}],"wp:attachment":[{"href":"https:\/\/zonaroja.com.mx\/index.php?rest_route=%2Fwp%2Fv2%2Fmedia&parent=47627"}],"wp:term":[{"taxonomy":"category","embeddable":true,"href":"https:\/\/zonaroja.com.mx\/index.php?rest_route=%2Fwp%2Fv2%2Fcategories&post=47627"},{"taxonomy":"post_tag","embeddable":true,"href":"https:\/\/zonaroja.com.mx\/index.php?rest_route=%2Fwp%2Fv2%2Ftags&post=47627"}],"curies":[{"name":"wp","href":"https:\/\/api.w.org\/{rel}","templated":true}]}}