{"id":4763,"date":"2019-10-12T15:09:40","date_gmt":"2019-10-12T20:09:40","guid":{"rendered":"http:\/\/www.zonaroja.com.mx\/?p=4763"},"modified":"2019-10-12T15:09:43","modified_gmt":"2019-10-12T20:09:43","slug":"desaparece-maestra-de-la-seccion-22-suman-siete-mujeres-mas-sin-localizar","status":"publish","type":"post","link":"https:\/\/zonaroja.com.mx\/?p=4763","title":{"rendered":"Desaparece maestra de la Secci\u00f3n 22; suman siete mujeres m\u00e1s sin localizar"},"content":{"rendered":"\n<p>Evlin Arag\u00f3n\/Zona Roja. <\/p>\n\n\n\n<p>Oaxaca de Ju\u00e1rez, Oax., 12 de octubre\nde 2019.- La Secci\u00f3n 22, adherida a la Coordinadora Nacional de Trabajadores de\nla Educaci\u00f3n (CNTE), pidi\u00f3 la colaboraci\u00f3n de la ciudadan\u00eda para localizar a la\nmaestra Ana Yedid Santos Elorza, quien fue vista por \u00faltima vez el pasado\nmartes 8 de octubre en la avenida principal de Barra de Colotepec, Santa Mar\u00eda\nColotepec, en la regi\u00f3n de la Costa.<\/p>\n\n\n\n<p>Su ficha de b\u00fasqueda refiere que la\ndocente tiene un tatuaje en el brazo derecho en forma de luna, un tatuaje en\nforma de tigre con una rosa a la altura de la nuca y la \u00faltima que fue vista\nvest\u00eda pantal\u00f3n de mezclilla, blusa color vino y sandalias.<\/p>\n\n\n\n<p>Informaron que la mujer de 33 a\u00f1os de edad, es integrantes de la gremial, adscrita a la zona 14 de Puerto Escondido y fue reportada ante la Unidad de B\u00fasqueda de Personas Desparecidas y No Localizadas dependiente de la Fiscal\u00eda General del Estado de Oaxaca; sin embargo, a\u00fan no tienen noticias de su paradero.<\/p>\n\n\n\n<figure class=\"wp-block-image\"><img decoding=\"async\" width=\"552\" height=\"801\" src=\"http:\/\/www.zonaroja.com.mx\/wp-content\/uploads\/2019\/10\/97c9f0c4-1f1e-475a-8fd7-7cf54c433769.jpg\" alt=\"\" class=\"wp-image-4764\" srcset=\"https:\/\/zonaroja.com.mx\/wp-content\/uploads\/2019\/10\/97c9f0c4-1f1e-475a-8fd7-7cf54c433769.jpg 552w, https:\/\/zonaroja.com.mx\/wp-content\/uploads\/2019\/10\/97c9f0c4-1f1e-475a-8fd7-7cf54c433769-207x300.jpg 207w\" sizes=\"(max-width: 552px) 100vw, 552px\" \/><\/figure>\n\n\n\n<p>Apenas el viernes, la dirigencia de la\nSecci\u00f3n 22, denunci\u00f3 la aparici\u00f3n del cuerpo sin vida y en estado de\nputrefacci\u00f3n a un costado de la carretera Oaxaca-M\u00e9xico, en jurisdicci\u00f3n de\nHacienda Blanca, San Pablo, Etla, del profesor Omar Flores Mart\u00ednez, quien\nhab\u00eda sido reportado como desaparecido el viernes 4 de octubre.<\/p>\n\n\n\n<p>Por lo anterior, exigieron a la\nFiscal\u00eda General del Estado, encabezada por Rub\u00e9n Vasconcelos M\u00e9ndez, resultado\nen la procuraci\u00f3n y aplicaci\u00f3n de justicia, ya que la violencia contra el\nmagisterio ha incrementado, as\u00ed como la impunidad en cada uno de los casos\nregistrados.<\/p>\n\n\n\n<p>A la lista de personas No Localizadas\nde la Fiscal\u00eda de Oaxaca, se suman Laura Cristina, de 15 a\u00f1os de edad; Daniela\nLizbeth, de 17 a\u00f1os; Coahyautitlaly, de 14 a\u00f1os; Sarah\u00ed Gabriela, de 15 a\u00f1os;\nIvonne, de 33 a\u00f1os; Lydia, de 92 a\u00f1os, y Susana, de 47 a\u00f1os de edad, quienes\nfueron reportadas como desaparecidas por sus familiares en lo que va de este\nmes.<\/p>\n\n\n\n<p>San Jacinto Amilpas, Tlacolula de\nMatamoros, Zimatl\u00e1n de \u00c1lvarez, Santa Mar\u00eda Atzompa, San Pedro Pochutla, centro\nde Oaxaca y Tuxtepec, son los lugares en lo que fueron vistas por \u00faltima vez\nlas mujeres, cuya ficha aparece en las redes oficial de la Unidad de B\u00fasqueda\nde Personas Desparecidas y No Localizadas de Oaxaca.<\/p>\n","protected":false},"excerpt":{"rendered":"<p>Evlin Arag\u00f3n\/Zona Roja. Oaxaca de Ju\u00e1rez, Oax., 12 de octubre de 2019.- La Secci\u00f3n 22,&hellip;<\/p>\n","protected":false},"author":2,"featured_media":4765,"comment_status":"closed","ping_status":"open","sticky":false,"template":"","format":"standard","meta":{"_lmt_disableupdate":"","_lmt_disable":"","_jetpack_memberships_contains_paid_content":false,"footnotes":""},"categories":[109,47],"tags":[856],"class_list":["post-4763","post","type-post","status-publish","format-standard","has-post-thumbnail","hentry","category-minuto-a-minuto","category-zona-gris","tag-unidad-de-busqueda-de-personas-no-localizadas"],"jetpack_featured_media_url":"https:\/\/zonaroja.com.mx\/wp-content\/uploads\/2019\/10\/IMG_7542.jpg","jetpack_sharing_enabled":true,"_links":{"self":[{"href":"https:\/\/zonaroja.com.mx\/index.php?rest_route=\/wp\/v2\/posts\/4763","targetHints":{"allow":["GET"]}}],"collection":[{"href":"https:\/\/zonaroja.com.mx\/index.php?rest_route=\/wp\/v2\/posts"}],"about":[{"href":"https:\/\/zonaroja.com.mx\/index.php?rest_route=\/wp\/v2\/types\/post"}],"author":[{"embeddable":true,"href":"https:\/\/zonaroja.com.mx\/index.php?rest_route=\/wp\/v2\/users\/2"}],"replies":[{"embeddable":true,"href":"https:\/\/zonaroja.com.mx\/index.php?rest_route=%2Fwp%2Fv2%2Fcomments&post=4763"}],"version-history":[{"count":1,"href":"https:\/\/zonaroja.com.mx\/index.php?rest_route=\/wp\/v2\/posts\/4763\/revisions"}],"predecessor-version":[{"id":4766,"href":"https:\/\/zonaroja.com.mx\/index.php?rest_route=\/wp\/v2\/posts\/4763\/revisions\/4766"}],"wp:featuredmedia":[{"embeddable":true,"href":"https:\/\/zonaroja.com.mx\/index.php?rest_route=\/wp\/v2\/media\/4765"}],"wp:attachment":[{"href":"https:\/\/zonaroja.com.mx\/index.php?rest_route=%2Fwp%2Fv2%2Fmedia&parent=4763"}],"wp:term":[{"taxonomy":"category","embeddable":true,"href":"https:\/\/zonaroja.com.mx\/index.php?rest_route=%2Fwp%2Fv2%2Fcategories&post=4763"},{"taxonomy":"post_tag","embeddable":true,"href":"https:\/\/zonaroja.com.mx\/index.php?rest_route=%2Fwp%2Fv2%2Ftags&post=4763"}],"curies":[{"name":"wp","href":"https:\/\/api.w.org\/{rel}","templated":true}]}}