{"id":47634,"date":"2022-11-04T14:22:38","date_gmt":"2022-11-04T20:22:38","guid":{"rendered":"http:\/\/www.zonaroja.com.mx\/?p=47634"},"modified":"2022-11-04T14:22:40","modified_gmt":"2022-11-04T20:22:40","slug":"recrudece-crisis-de-la-basura-tiran-desechos-en-palacio-municipal-y-zocalo","status":"publish","type":"post","link":"https:\/\/zonaroja.com.mx\/?p=47634","title":{"rendered":"Recrudece crisis de la basura: tiran desechos en palacio municipal y z\u00f3calo"},"content":{"rendered":"\n<p>Yuridiana Sosa\/ Zona Roja.<\/p>\n\n\n\n<p>Oaxaca de Ju\u00e1rez, Oax., 4 de noviembre de 2022.- Iniciado y convocado por el Sindicato \u201c3 de Marzo\u201d del ayuntamiento de Oaxaca de Ju\u00e1rez, un nuevo tiradero de basura \u2013y por segunda ocasi\u00f3n- se instal\u00f3 frente a la puerta del palacio municipal y en el z\u00f3calo de la capital, para exigir una soluci\u00f3n inmediata a la crisis sobre los desechos en la capital.<\/p>\n\n\n\n<p>A temprana hora los trabajadores del servicio de recolecci\u00f3n de basura, a bordo de la flotilla de camiones recolectores, se movilizaron alrededor del palacio municipal y Plaza de la Danza para manifestarse contra la omisi\u00f3n y lentitud de la autoridad municipal para la apertura de un nuevo relleno sanitario tras el cierre del ubicado en Villa de Zaachila, el pasado 8 de octubre.\u00a0<\/p>\n\n\n\n<p>Los trabajadores han propuesto al edil Francisco Mart\u00ednez Neri la reapertura temporal del basurero municipal en Zaachila, del que es propietario el ayuntamiento, en tanto se pueda ocupar el predio reci\u00e9n adquirido y al cual podr\u00eda entrar en operaciones en un mes aproximadamente.<\/p>\n\n\n\n<p>&nbsp;Mart\u00ednez Neri rechaz\u00f3 en entrevista de este jueves abordar el tema, pero se\u00f1al\u00f3 como alternativa previa al nuevo tiradero el uso del predio del \u201ccuartel\u201d en ribera del r\u00edo \u201cSalado\u201d, mismo que se ha ocupado desde el inicio de la crisis de la basura.<\/p>\n\n\n\n<p>Contrario a lo que el Sindicato \u201c3 de Marzo\u201d ha dicho sobre la saturaci\u00f3n y falta de espacio en dichas instalaciones y por ello no pueden ocuparlo, el presidente municipal insisti\u00f3 que a\u00fan existe un \u201ccachito\u201d que puede servir para vaciar la basura.<\/p>\n\n\n\n<figure class=\"wp-block-embed is-type-rich is-provider-twitter wp-block-embed-twitter\"><div class=\"wp-block-embed__wrapper\">\n<div class=\"twitter-tweet\"><blockquote class=\"twitter-tweet\" data-lang=\"es\"><p lang=\"es\" dir=\"ltr\"><a href=\"https:\/\/twitter.com\/hashtag\/ENVIVO?src=hash&amp;ref_src=twsrc%5Etfw\">#ENVIVO<\/a> <br>Trabajadores sindicalizados del ayuntamiento de Oaxaca de Ju\u00e1rez, ahora tiran basura en el z\u00f3calo de la ciudad de Oaxaca, ante nula respuesta del edil Francisco Mart\u00ednez Neri a la ubicaci\u00f3n de un predio para tiradero.<br><br>Transmisi\u00f3n \ud83d\udc47<a href=\"https:\/\/t.co\/9kaq725v4z\">https:\/\/t.co\/9kaq725v4z<\/a> <a href=\"https:\/\/t.co\/sqON2QmPaN\">pic.twitter.com\/sqON2QmPaN<\/a><\/p>&mdash; Zona Roja Oaxaca (@ZonaRoja_Oaxaca) <a href=\"https:\/\/twitter.com\/ZonaRoja_Oaxaca\/status\/1588578388331360257?ref_src=twsrc%5Etfw\">4 de noviembre de 2022<\/a><\/blockquote><\/div>\n<\/div><\/figure>\n\n\n\n<p>TIRADEROS<\/p>\n\n\n\n<p>La falta de acuerdos entre ambas partes motiv\u00f3 hoy la movilizaci\u00f3n de los trabajadores, quienes a bordo de unos 50 camiones llenos de basura y regando lixiviados por las calles, se estacionaron alrededor del palacio municipal.<\/p>\n\n\n\n<p>Al no tener atenci\u00f3n en los primeros minutos de protestas comenzaron a vaciar parte del contenido de sus desechos en el acceso principal, en la Plaza de la Danza, invadiendo la zona de olores nauseabundos.&nbsp;<\/p>\n\n\n\n<p>Al mismo tiempo convocaron a la ciudadan\u00eda a llevar su basura a ese punto, hasta donde acudieron al llamado algunos vecinos de la zona, que no solo llevaron bolsas, sino vaciaron los desechos desde los botes.&nbsp;<\/p>\n\n\n\n<p>La protesta se extendi\u00f3 al z\u00f3calo de la capital, donde unos cinco camiones ingresaron para depositar los desechos.<\/p>\n\n\n\n<p>Los trabajadores del ayuntamiento depositaron basura en el acceso a la plaza sobre las calles de Valdivieso e Hidalgo, con la amenaza de colocar m\u00e1s puntos en la zona, entre ellos en el palacio de gobierno.&nbsp;<\/p>\n\n\n\n<p>Pero no s\u00f3lo son los sindicalizados los que contribuyeron a empeorar la crisis este viernes, pues tambi\u00e9n la ciudadan\u00eda se ha encargado de mantener sucios los diferentes espacios p\u00fablicos, como ocurre con peque\u00f1os tiraderos en las jardineras del z\u00f3calo que rodean el kiosco, pero que al\u00a0 paso de los d\u00edas de vuelven incontrolables.\u00a0<\/p>\n\n\n\n<figure class=\"wp-block-embed is-type-rich is-provider-twitter wp-block-embed-twitter\"><div class=\"wp-block-embed__wrapper\">\n<div class=\"twitter-tweet\"><blockquote class=\"twitter-tweet\" data-lang=\"es\"><p lang=\"es\" dir=\"ltr\">A falta de acuerdo de sindicalizados con las autoridades del ayuntamiento, comienzan a tirar la basura frente al palacio municipal de la ciudad de Oaxaca.<br>Transmisi\u00f3n \ud83d\udc47<a href=\"https:\/\/t.co\/6LiBq7DUrH\">https:\/\/t.co\/6LiBq7DUrH<\/a> <a href=\"https:\/\/t.co\/LikXTj5eLN\">pic.twitter.com\/LikXTj5eLN<\/a><\/p>&mdash; Zona Roja Oaxaca (@ZonaRoja_Oaxaca) <a href=\"https:\/\/twitter.com\/ZonaRoja_Oaxaca\/status\/1588570426581880833?ref_src=twsrc%5Etfw\">4 de noviembre de 2022<\/a><\/blockquote><\/div>\n<\/div><\/figure>\n","protected":false},"excerpt":{"rendered":"<p>Yuridiana Sosa\/ Zona Roja. Oaxaca de Ju\u00e1rez, Oax., 4 de noviembre de 2022.- Iniciado y&hellip;<\/p>\n","protected":false},"author":2,"featured_media":47632,"comment_status":"closed","ping_status":"open","sticky":false,"template":"","format":"standard","meta":{"_lmt_disableupdate":"","_lmt_disable":"","_jetpack_memberships_contains_paid_content":false,"footnotes":""},"categories":[109,47],"tags":[2418,148],"class_list":["post-47634","post","type-post","status-publish","format-standard","has-post-thumbnail","hentry","category-minuto-a-minuto","category-zona-gris","tag-francisco-martinez-neri","tag-oaxaca-de-juarez"],"jetpack_featured_media_url":"https:\/\/zonaroja.com.mx\/wp-content\/uploads\/2022\/11\/d11ece14-1f7a-40cc-9970-249523723022.jpg","jetpack_sharing_enabled":true,"_links":{"self":[{"href":"https:\/\/zonaroja.com.mx\/index.php?rest_route=\/wp\/v2\/posts\/47634","targetHints":{"allow":["GET"]}}],"collection":[{"href":"https:\/\/zonaroja.com.mx\/index.php?rest_route=\/wp\/v2\/posts"}],"about":[{"href":"https:\/\/zonaroja.com.mx\/index.php?rest_route=\/wp\/v2\/types\/post"}],"author":[{"embeddable":true,"href":"https:\/\/zonaroja.com.mx\/index.php?rest_route=\/wp\/v2\/users\/2"}],"replies":[{"embeddable":true,"href":"https:\/\/zonaroja.com.mx\/index.php?rest_route=%2Fwp%2Fv2%2Fcomments&post=47634"}],"version-history":[{"count":1,"href":"https:\/\/zonaroja.com.mx\/index.php?rest_route=\/wp\/v2\/posts\/47634\/revisions"}],"predecessor-version":[{"id":47635,"href":"https:\/\/zonaroja.com.mx\/index.php?rest_route=\/wp\/v2\/posts\/47634\/revisions\/47635"}],"wp:featuredmedia":[{"embeddable":true,"href":"https:\/\/zonaroja.com.mx\/index.php?rest_route=\/wp\/v2\/media\/47632"}],"wp:attachment":[{"href":"https:\/\/zonaroja.com.mx\/index.php?rest_route=%2Fwp%2Fv2%2Fmedia&parent=47634"}],"wp:term":[{"taxonomy":"category","embeddable":true,"href":"https:\/\/zonaroja.com.mx\/index.php?rest_route=%2Fwp%2Fv2%2Fcategories&post=47634"},{"taxonomy":"post_tag","embeddable":true,"href":"https:\/\/zonaroja.com.mx\/index.php?rest_route=%2Fwp%2Fv2%2Ftags&post=47634"}],"curies":[{"name":"wp","href":"https:\/\/api.w.org\/{rel}","templated":true}]}}