{"id":47636,"date":"2022-11-04T14:59:01","date_gmt":"2022-11-04T20:59:01","guid":{"rendered":"http:\/\/www.zonaroja.com.mx\/?p=47636"},"modified":"2022-11-04T14:59:03","modified_gmt":"2022-11-04T20:59:03","slug":"por-fin-crean-comision-especial-de-busqueda-para-el-caso-eperristas-desaparecidos","status":"publish","type":"post","link":"https:\/\/zonaroja.com.mx\/?p=47636","title":{"rendered":"Por fin crean Comisi\u00f3n Especial de B\u00fasqueda para el caso eperristas desaparecidos"},"content":{"rendered":"\n<p>Redacci\u00f3n\/Zona Roja.<\/p>\n\n\n\n<p>Oaxaca de Ju\u00e1rez, Oax., a 4 de noviembre de 2022.- Ayer 3 de noviembre, despu\u00e9s de una primera reuni\u00f3n que no se pudo concretar el pasado 26 de octubre, por inasistencia de la Secretar\u00eda de la Defensa Nacional (Sedena) y por el retardo de m\u00e1s de una hora de la Secretar\u00eda de Gobernaci\u00f3n (Segob), este d\u00eda por fin se pudo dar cumplimiento a lo establecido en la sentencia de la Suprema Corte de Justicia de la Naci\u00f3n en lo referente a la conformaci\u00f3n de la Comisi\u00f3n Especial de B\u00fasqueda para lograr la localizaci\u00f3n deGabriel Alberto Cruz S\u00e1nchez y Edmundo Reyes Amaya.<\/p>\n\n\n\n<p>\u201cEste d\u00eda es una fecha hist\u00f3rica para los familiares, abogados de las v\u00edctimas y para todas las organizaciones que durante m\u00e1s de 15 a\u00f1os hemos exigido la presentaci\u00f3n con vida de ambos revolucionarios.&nbsp;<\/p>\n\n\n\n<p>\u201cPor primera vez se establece, por v\u00eda de una sentencia judicial, la importancia de crear una Comisi\u00f3n Especial de B\u00fasqueda de car\u00e1cter multidisciplinario e interinstitucional que realice todas las acciones necesarias a fin de localizar a nuestros familiares en cuarteles militares y todos aquellos lugares en d\u00f3nde se considere que pudieran estar\u201d, inform\u00f3 el Comit\u00e9 de Familiares de Detenidos Desaparecidos \u201cHasta Encontrarlos\u201d.<\/p>\n\n\n\n<p>En un comunicado, detall\u00f3 que la Comisi\u00f3n Especial qued\u00f3 oficialmente conformada por integrantes de la Fiscal\u00eda General de la Rep\u00fablica (FGR), la Segob, la Sedena, la Comisi\u00f3n Nacional de B\u00fasqueda, Polic\u00eda Federal Ministerial, la Comisi\u00f3n Ejecutiva de Atenci\u00f3n a V\u00edctimas, los familiares de Gabriel y Edmundo, los representantes legales, y organizaciones acompa\u00f1antes como Comit\u00e9 Cerezo M\u00e9xico, el Frente Nacional de Lucha por el Socialismo, el Mtro. Santiago Corcuera Cabezut, y la Oficina en M\u00e9xico del Alto Comisionado de las Naciones Unidas para los Derechos Humanos.<\/p>\n\n\n\n<p>Detall\u00f3 que est\u00e1 comisi\u00f3n tendr\u00e1 como mandato principal realizar un plan integral de b\u00fasqueda que permita realizar todas la diligencias que sean necesarias a fin de lograr determinar el paradero de Gabriel Alberto Cruz S\u00e1nchez y Edmundo Reyes Amaya, as\u00ed como lograr enjuiciar y castigar a los responsables.<\/p>\n\n\n\n<p>Como primera tarea, ser\u00e1 elaborar de manera coordinada un plan integral de b\u00fasqueda de la mano de los familiares y organizaciones acompa\u00f1antes, el cual se empezar\u00e1 a dise\u00f1ar en la pr\u00f3xima reuni\u00f3n que se llevar\u00e1 a cabo el jueves 17 de noviembre a las 16:00 horas.&nbsp;<\/p>\n\n\n\n<p>A est\u00e1 Comisi\u00f3n, a petici\u00f3n de las familias, podr\u00e1 integrar a otras organizaciones internacionales y de expertos que considere necesario para acompa\u00f1ar el proceso y cumplir con el mandato de encontrar a Gabriel y Edmundo.<\/p>\n\n\n\n<p>\u201cUna vez conformada est\u00e1 Comisi\u00f3n, es necesario ahora &nbsp;que la Sedena proporcione toda la informaci\u00f3n requerida por la FGR, a fin de que se pueda citar a comparecer a elementos del ej\u00e9rcito que estuvieron en funciones en mayo del 2007 para que informen sobre lo sucedido en el caso de la desaparici\u00f3n forzada de nuestros familiares y a su vez otorgar todas la facilidades para que esta Comisi\u00f3n pueda realizar las diligencias de b\u00fasqueda en instalaciones militares y cualquier dependencia que se consider\u00e9 necesaria\u201d, detall\u00f3.<\/p>\n\n\n\n<p>Por ello, el Comit\u00e9 de Familiares llam\u00f3 a la Sedena a cumplir con los dem\u00e1s puntos indicados en la sentencia como son, brindar la informaci\u00f3n sobre los altos mandos que estaban en funciones en mayo del 2007.<\/p>\n\n\n\n<p>Publicar un extracto de la sentencia en un diario de circulaci\u00f3n nacional; garantizar todas las facilidades necesarias para permitir la entrada a las instalaciones militares y buscar a Gabriel y Edmundo.&nbsp;<\/p>\n\n\n\n<p>\u201cQueremos agradecer a todas las organizaciones hermanas que nos han acompa\u00f1ado y que siguen pendientes de este proceso, ahora m\u00e1s que nunca es necesario continuar en esta exigencia hasta ver plasmado en hechos todos los puntos se\u00f1alados en la sentencia. Continuaremos sin descanso hasta encontrar a Gabriel y Edmundo y hasta lograr el juicio y castigo a los responsables\u201d, detallaron.<\/p>\n\n\n\n<p>Ambas personas fueron ligadas al Ej\u00e9rcito Popular Revolucionario y fueron desaparecidas el 25 de mayo de 2007 en Oaxaca.<\/p>\n","protected":false},"excerpt":{"rendered":"<p>Redacci\u00f3n\/Zona Roja. Oaxaca de Ju\u00e1rez, Oax., a 4 de noviembre de 2022.- Ayer 3 de&hellip;<\/p>\n","protected":false},"author":2,"featured_media":44539,"comment_status":"closed","ping_status":"open","sticky":false,"template":"","format":"standard","meta":{"_lmt_disableupdate":"","_lmt_disable":"","_jetpack_memberships_contains_paid_content":false,"footnotes":""},"categories":[109,46],"tags":[3147],"class_list":["post-47636","post","type-post","status-publish","format-standard","has-post-thumbnail","hentry","category-minuto-a-minuto","category-zona-blanca","tag-edmundo-reyes-amaya-y-gabriel-alberto-cruz"],"jetpack_featured_media_url":"https:\/\/zonaroja.com.mx\/wp-content\/uploads\/2022\/08\/Eperristas-desaparecidos-Oaxaca-EPR.jpeg","jetpack_sharing_enabled":true,"_links":{"self":[{"href":"https:\/\/zonaroja.com.mx\/index.php?rest_route=\/wp\/v2\/posts\/47636","targetHints":{"allow":["GET"]}}],"collection":[{"href":"https:\/\/zonaroja.com.mx\/index.php?rest_route=\/wp\/v2\/posts"}],"about":[{"href":"https:\/\/zonaroja.com.mx\/index.php?rest_route=\/wp\/v2\/types\/post"}],"author":[{"embeddable":true,"href":"https:\/\/zonaroja.com.mx\/index.php?rest_route=\/wp\/v2\/users\/2"}],"replies":[{"embeddable":true,"href":"https:\/\/zonaroja.com.mx\/index.php?rest_route=%2Fwp%2Fv2%2Fcomments&post=47636"}],"version-history":[{"count":1,"href":"https:\/\/zonaroja.com.mx\/index.php?rest_route=\/wp\/v2\/posts\/47636\/revisions"}],"predecessor-version":[{"id":47637,"href":"https:\/\/zonaroja.com.mx\/index.php?rest_route=\/wp\/v2\/posts\/47636\/revisions\/47637"}],"wp:featuredmedia":[{"embeddable":true,"href":"https:\/\/zonaroja.com.mx\/index.php?rest_route=\/wp\/v2\/media\/44539"}],"wp:attachment":[{"href":"https:\/\/zonaroja.com.mx\/index.php?rest_route=%2Fwp%2Fv2%2Fmedia&parent=47636"}],"wp:term":[{"taxonomy":"category","embeddable":true,"href":"https:\/\/zonaroja.com.mx\/index.php?rest_route=%2Fwp%2Fv2%2Fcategories&post=47636"},{"taxonomy":"post_tag","embeddable":true,"href":"https:\/\/zonaroja.com.mx\/index.php?rest_route=%2Fwp%2Fv2%2Ftags&post=47636"}],"curies":[{"name":"wp","href":"https:\/\/api.w.org\/{rel}","templated":true}]}}