{"id":47643,"date":"2022-11-04T18:15:39","date_gmt":"2022-11-05T00:15:39","guid":{"rendered":"http:\/\/www.zonaroja.com.mx\/?p=47643"},"modified":"2022-11-04T18:15:40","modified_gmt":"2022-11-05T00:15:40","slug":"tras-parranda-muere-estudiante-en-plantel-educativo-de-oaxaca","status":"publish","type":"post","link":"https:\/\/zonaroja.com.mx\/?p=47643","title":{"rendered":"Tras parranda, muere estudiante en plantel educativo de Oaxaca"},"content":{"rendered":"\n<p>Redacci\u00f3n\/Zona Roja.<\/p>\n\n\n\n<p>Oaxaca de Ju\u00e1rez, Oax., a 4 de noviembre de 2022.- Un estudiante muri\u00f3 ahogado en la alberca del Centro Regional de Educaci\u00f3n Normal de Oaxaca (CRENO), en la capital del estado, tras ingerir presuntamente bebidas alcoh\u00f3licas.<\/p>\n\n\n\n<p>De acuerdo con los primeros reportes, desde ayer por la tarde comenzaron a arribar a la ciudad alumnos de diversos planteles normalistas del estado, para participar en una marcha pac\u00edfica hoy.<\/p>\n\n\n\n<p>Varios de ellos ocuparon el CRENO para pernoctar, pero un grupo decidi\u00f3 convivir, con la ingesta de alimentos y bebidas alcoh\u00f3licas.<\/p>\n\n\n\n<p>En la madrugada, uno de ellos decidi\u00f3 ingresar a la alberca del plantel \u2014ubicado en la calzada San Felipe del Agua, en la zona norte de la capital\u2014, a nadar pero debido a su probable estado et\u00edlico, muri\u00f3 ahogado.<\/p>\n\n\n\n<p>La v\u00edctima fue identificada de manera preliminar como Humberto Dalai G. G., de aproximadamente 22 a\u00f1os de edad y era originario de El Camar\u00f3n, localidad del municipio de San Carlos Yautepec, en la regi\u00f3n de la Sierra Sur.<\/p>\n\n\n\n<p>De acuerdo con los reportes, param\u00e9dicos del grupo ARVU arribaron al CRENO poco despu\u00e9s de las 01:00 horas, tras la llamada de auxilio, pero corroboraron que el joven ya hab\u00eda perdido la vida.<\/p>\n\n\n\n<p>Este ma\u00f1ana, los estudiantes, agremiados en la Coordinadora Estudiantil Normalista del Estado de Oaxaca, efectuaron su marcha del crucero vial del antiguo edificio del IEEPO, con rumbo al centro.<\/p>\n\n\n\n<p>Ni en la movilizaci\u00f3n ni en el mitin en el z\u00f3calo capitalino, hubo pronunciamiento o mensaje acerca del deceso.<\/p>\n","protected":false},"excerpt":{"rendered":"<p>Redacci\u00f3n\/Zona Roja. Oaxaca de Ju\u00e1rez, Oax., a 4 de noviembre de 2022.- Un estudiante muri\u00f3&hellip;<\/p>\n","protected":false},"author":2,"featured_media":47644,"comment_status":"closed","ping_status":"open","sticky":false,"template":"","format":"standard","meta":{"_lmt_disableupdate":"","_lmt_disable":"","_jetpack_memberships_contains_paid_content":false,"footnotes":""},"categories":[109,51],"tags":[1862],"class_list":["post-47643","post","type-post","status-publish","format-standard","has-post-thumbnail","hentry","category-minuto-a-minuto","category-zona-roja","tag-centro-regional-de-educacion-normal-de-oaxaca-creno"],"jetpack_featured_media_url":"https:\/\/zonaroja.com.mx\/wp-content\/uploads\/2022\/11\/Muerto-estudiante-Centro-Regional-de-Educacion-Normal.jpg","jetpack_sharing_enabled":true,"_links":{"self":[{"href":"https:\/\/zonaroja.com.mx\/index.php?rest_route=\/wp\/v2\/posts\/47643","targetHints":{"allow":["GET"]}}],"collection":[{"href":"https:\/\/zonaroja.com.mx\/index.php?rest_route=\/wp\/v2\/posts"}],"about":[{"href":"https:\/\/zonaroja.com.mx\/index.php?rest_route=\/wp\/v2\/types\/post"}],"author":[{"embeddable":true,"href":"https:\/\/zonaroja.com.mx\/index.php?rest_route=\/wp\/v2\/users\/2"}],"replies":[{"embeddable":true,"href":"https:\/\/zonaroja.com.mx\/index.php?rest_route=%2Fwp%2Fv2%2Fcomments&post=47643"}],"version-history":[{"count":1,"href":"https:\/\/zonaroja.com.mx\/index.php?rest_route=\/wp\/v2\/posts\/47643\/revisions"}],"predecessor-version":[{"id":47645,"href":"https:\/\/zonaroja.com.mx\/index.php?rest_route=\/wp\/v2\/posts\/47643\/revisions\/47645"}],"wp:featuredmedia":[{"embeddable":true,"href":"https:\/\/zonaroja.com.mx\/index.php?rest_route=\/wp\/v2\/media\/47644"}],"wp:attachment":[{"href":"https:\/\/zonaroja.com.mx\/index.php?rest_route=%2Fwp%2Fv2%2Fmedia&parent=47643"}],"wp:term":[{"taxonomy":"category","embeddable":true,"href":"https:\/\/zonaroja.com.mx\/index.php?rest_route=%2Fwp%2Fv2%2Fcategories&post=47643"},{"taxonomy":"post_tag","embeddable":true,"href":"https:\/\/zonaroja.com.mx\/index.php?rest_route=%2Fwp%2Fv2%2Ftags&post=47643"}],"curies":[{"name":"wp","href":"https:\/\/api.w.org\/{rel}","templated":true}]}}