{"id":47647,"date":"2022-11-04T19:08:44","date_gmt":"2022-11-05T01:08:44","guid":{"rendered":"http:\/\/www.zonaroja.com.mx\/?p=47647"},"modified":"2022-11-04T19:08:46","modified_gmt":"2022-11-05T01:08:46","slug":"invita-nino-morales-a-participar-en-la-gran-fiesta-del-1-de-diciembre","status":"publish","type":"post","link":"https:\/\/zonaroja.com.mx\/?p=47647","title":{"rendered":"Invita Nino Morales a participar en la gran fiesta del 1 de diciembre"},"content":{"rendered":"\n<p>Redacci\u00f3n\/Zona Roja.<\/p>\n\n\n\n<p>Oaxaca de Ju\u00e1rez, Oax., a 4 de noviembre 2022.- Al acompa\u00f1ar a su amigo, el gobernador electo de Oaxaca, Salom\u00f3n Jara Cruz, en su gira de agradecimiento por la Costa del estado, el joven referente de Morena, Antonino Morales Toledo, invit\u00f3 a los pueblos de esa regi\u00f3n, a participar de la gran fiesta por el inicio formal de la Transformaci\u00f3n de Oaxaca, que iniciar\u00e1 este pr\u00f3ximo 1 de diciembre con la toma de protesta del nuevo gobierno.<\/p>\n\n\n\n<p>Desde San Pedro Pochutla, el joven blase\u00f1o, convoc\u00f3 a celebrar la llegada de la primavera oaxaque\u00f1a y a mantenerse unidos en torno a la nueva administraci\u00f3n, para que los cimientos sean fuertes, firmes y comprometidos a construir juntos un mejor Oaxaca.<\/p>\n\n\n\n<p>Nino Morales asegur\u00f3 que de la mano del gobernador electo Salom\u00f3n Jara Cruz, y en alianza con el gobierno de M\u00e9xico y del Presidente Andr\u00e9s Manuel L\u00f3pez Obrador, Oaxaca, ingresa formalmente a la historia de la transformaci\u00f3n.<\/p>\n\n\n\n<p>En ese sentido, el tambi\u00e9n integrante de la Comisi\u00f3n de Entrega-Recepci\u00f3n del nuevo gobierno, convoc\u00f3 a estrechar lazos, a mantenerse firmes y listos para la entrega de la primavera oaxaque\u00f1a.<\/p>\n\n\n\n<p>\u00abEl pueblo de Oaxaca, vivir\u00e1 una gran fiesta este pr\u00f3ximo 1 de diciembre. Es la gran oportunidad de construir juntos un mejor Oaxaca\u00bb, destac\u00f3 Nino Morales.<\/p>\n","protected":false},"excerpt":{"rendered":"<p>Redacci\u00f3n\/Zona Roja. Oaxaca de Ju\u00e1rez, Oax., a 4 de noviembre 2022.- Al acompa\u00f1ar a su&hellip;<\/p>\n","protected":false},"author":2,"featured_media":47648,"comment_status":"closed","ping_status":"open","sticky":false,"template":"","format":"standard","meta":{"_lmt_disableupdate":"","_lmt_disable":"","_jetpack_memberships_contains_paid_content":false,"footnotes":""},"categories":[109,46],"tags":[180],"class_list":["post-47647","post","type-post","status-publish","format-standard","has-post-thumbnail","hentry","category-minuto-a-minuto","category-zona-blanca","tag-antonino-morales-toledo"],"jetpack_featured_media_url":"https:\/\/zonaroja.com.mx\/wp-content\/uploads\/2022\/11\/Antonino-Morales-T.jpg","jetpack_sharing_enabled":true,"_links":{"self":[{"href":"https:\/\/zonaroja.com.mx\/index.php?rest_route=\/wp\/v2\/posts\/47647","targetHints":{"allow":["GET"]}}],"collection":[{"href":"https:\/\/zonaroja.com.mx\/index.php?rest_route=\/wp\/v2\/posts"}],"about":[{"href":"https:\/\/zonaroja.com.mx\/index.php?rest_route=\/wp\/v2\/types\/post"}],"author":[{"embeddable":true,"href":"https:\/\/zonaroja.com.mx\/index.php?rest_route=\/wp\/v2\/users\/2"}],"replies":[{"embeddable":true,"href":"https:\/\/zonaroja.com.mx\/index.php?rest_route=%2Fwp%2Fv2%2Fcomments&post=47647"}],"version-history":[{"count":1,"href":"https:\/\/zonaroja.com.mx\/index.php?rest_route=\/wp\/v2\/posts\/47647\/revisions"}],"predecessor-version":[{"id":47649,"href":"https:\/\/zonaroja.com.mx\/index.php?rest_route=\/wp\/v2\/posts\/47647\/revisions\/47649"}],"wp:featuredmedia":[{"embeddable":true,"href":"https:\/\/zonaroja.com.mx\/index.php?rest_route=\/wp\/v2\/media\/47648"}],"wp:attachment":[{"href":"https:\/\/zonaroja.com.mx\/index.php?rest_route=%2Fwp%2Fv2%2Fmedia&parent=47647"}],"wp:term":[{"taxonomy":"category","embeddable":true,"href":"https:\/\/zonaroja.com.mx\/index.php?rest_route=%2Fwp%2Fv2%2Fcategories&post=47647"},{"taxonomy":"post_tag","embeddable":true,"href":"https:\/\/zonaroja.com.mx\/index.php?rest_route=%2Fwp%2Fv2%2Ftags&post=47647"}],"curies":[{"name":"wp","href":"https:\/\/api.w.org\/{rel}","templated":true}]}}