{"id":47654,"date":"2022-11-05T08:00:00","date_gmt":"2022-11-05T14:00:00","guid":{"rendered":"http:\/\/www.zonaroja.com.mx\/?p=47654"},"modified":"2022-11-05T08:08:46","modified_gmt":"2022-11-05T14:08:46","slug":"mexico-sangriento-5-mujeres-muertas-en-morelos-y-4-ejecutados-en-guerrero","status":"publish","type":"post","link":"https:\/\/zonaroja.com.mx\/?p=47654","title":{"rendered":"M\u00e9xico sangriento: 5 mujeres muertas en Morelos y 4 ejecutados en Guerrero"},"content":{"rendered":"\n<p>Redacci\u00f3n\/Zona Roja Cdmx.<\/p>\n\n\n\n<p>Ciudad de M\u00e9xico, a 5 de noviembre de 2022.- Una en\u00e9sima jornada sangrienta se registr\u00f3 este viernes en M\u00e9xico: cuatro personas fueron ejecutadas en Guerrero;&nbsp; cinco mujeres asesinadas en Morelos y dos en el estado de Puebla.<\/p>\n\n\n\n<p>En la carretera federal Iguala-Teloloapan, Guerrero (donde este d\u00eda acudi\u00f3 el secretario de Gobernaci\u00f3n, Ad\u00e1n Augusto L\u00f3pez) fueron localizados cuatro cuerpos desmembrados, tres hombres y una mujer.<\/p>\n\n\n\n<p>Fueron hallados a la altura de la colonia Che Guevara, del municipio de Iguala, donde adem\u00e1s hab\u00eda mensajes en varias cartulinas, presuntamente dejados por un grupo del crimen organizado.<\/p>\n\n\n\n<p>EN MORELOS<\/p>\n\n\n\n<p>Por otra parte, en Cuautla, Morelos, fueron localizados cinco cuerpos sin vida de mujeres, que presentan huellas de violencia.<\/p>\n\n\n\n<p>La Fiscal\u00eda General del Estado indic\u00f3 que son hechos relacionados con el crimen organizado y se trat\u00f3 de un \u201cajuste de cuentas entre grupos delincuenciales\u201d.<\/p>\n\n\n\n<p>Tres de los cinco cuerpos estaban descuartizados, dos con tiro de gracia; cuatro eran mujeres y una transg\u00e9nero, precis\u00f3.<\/p>\n\n\n\n<p>EN PUEBLA<\/p>\n\n\n\n<p>Por otra parte, en la Junta Auxiliar de Jicolapa, del municipio de Zacatl\u00e1n de las Manzanas, fueron asesinados dos personas del sexo masculino y 11 m\u00e1s resultaron lesionadas.<\/p>\n\n\n\n<p>Ello como resultado de un ataque registrado la madrugada de este viernes; las v\u00edctimas fueron identificadas con nombres de Palem\u00f3n y Alejandro.<\/p>\n","protected":false},"excerpt":{"rendered":"<p>Redacci\u00f3n\/Zona Roja Cdmx. Ciudad de M\u00e9xico, a 5 de noviembre de 2022.- Una en\u00e9sima jornada&hellip;<\/p>\n","protected":false},"author":2,"featured_media":38093,"comment_status":"closed","ping_status":"open","sticky":false,"template":"","format":"standard","meta":{"_lmt_disableupdate":"","_lmt_disable":"","_jetpack_memberships_contains_paid_content":false,"footnotes":""},"categories":[109,51],"tags":[1746],"class_list":["post-47654","post","type-post","status-publish","format-standard","has-post-thumbnail","hentry","category-minuto-a-minuto","category-zona-roja","tag-violencia-en-mexico"],"jetpack_featured_media_url":"https:\/\/zonaroja.com.mx\/wp-content\/uploads\/2022\/02\/Policia-escena-seguridad-violencia-crimen.jpg","jetpack_sharing_enabled":true,"_links":{"self":[{"href":"https:\/\/zonaroja.com.mx\/index.php?rest_route=\/wp\/v2\/posts\/47654","targetHints":{"allow":["GET"]}}],"collection":[{"href":"https:\/\/zonaroja.com.mx\/index.php?rest_route=\/wp\/v2\/posts"}],"about":[{"href":"https:\/\/zonaroja.com.mx\/index.php?rest_route=\/wp\/v2\/types\/post"}],"author":[{"embeddable":true,"href":"https:\/\/zonaroja.com.mx\/index.php?rest_route=\/wp\/v2\/users\/2"}],"replies":[{"embeddable":true,"href":"https:\/\/zonaroja.com.mx\/index.php?rest_route=%2Fwp%2Fv2%2Fcomments&post=47654"}],"version-history":[{"count":3,"href":"https:\/\/zonaroja.com.mx\/index.php?rest_route=\/wp\/v2\/posts\/47654\/revisions"}],"predecessor-version":[{"id":47671,"href":"https:\/\/zonaroja.com.mx\/index.php?rest_route=\/wp\/v2\/posts\/47654\/revisions\/47671"}],"wp:featuredmedia":[{"embeddable":true,"href":"https:\/\/zonaroja.com.mx\/index.php?rest_route=\/wp\/v2\/media\/38093"}],"wp:attachment":[{"href":"https:\/\/zonaroja.com.mx\/index.php?rest_route=%2Fwp%2Fv2%2Fmedia&parent=47654"}],"wp:term":[{"taxonomy":"category","embeddable":true,"href":"https:\/\/zonaroja.com.mx\/index.php?rest_route=%2Fwp%2Fv2%2Fcategories&post=47654"},{"taxonomy":"post_tag","embeddable":true,"href":"https:\/\/zonaroja.com.mx\/index.php?rest_route=%2Fwp%2Fv2%2Ftags&post=47654"}],"curies":[{"name":"wp","href":"https:\/\/api.w.org\/{rel}","templated":true}]}}