{"id":47656,"date":"2022-11-04T20:51:22","date_gmt":"2022-11-05T02:51:22","guid":{"rendered":"http:\/\/www.zonaroja.com.mx\/?p=47656"},"modified":"2022-11-04T20:51:24","modified_gmt":"2022-11-05T02:51:24","slug":"registra-oaxaca-tres-crimenes-en-las-ultimas-horas-entre-ellos-el-de-una-mujer","status":"publish","type":"post","link":"https:\/\/zonaroja.com.mx\/?p=47656","title":{"rendered":"Registra Oaxaca tres cr\u00edmenes en las \u00faltimas horas, entre ellos el de una mujer"},"content":{"rendered":"\n<p>Redacci\u00f3n\/Zona Roja.<\/p>\n\n\n\n<p>Oaxaca de Ju\u00e1rez, Oax., a 4 de noviembre de 2022.- Tres personas fueron asesinadas en las \u00faltimas 24 horas en Oaxaca, dos de ellas en la regi\u00f3n de la Cuenca y una en la Costa.<\/p>\n\n\n\n<p>Al mediod\u00eda de este viernes, el conductor de una unidad de motor fue asesinado mientras transitaba en la carretera local Pinotepa Nacional-San Miguel Tlacamama.<\/p>\n\n\n\n<p>La v\u00edctima fue identificada de manera preliminar como Celerino N., de aproximadamente 40 a\u00f1os de edad, y conduc\u00eda una camioneta de servicio de pasaje y carga cuando fue ultimado a balazos en jurisdicci\u00f3n de Tlacamama.<\/p>\n\n\n\n<p>La unidad de motor era de la l\u00ednea \u201cUni\u00f3n de Transportistas El Alza del Ca\u00eddo del Pac\u00edfico\u201d, de Pinotepa Nacional, con el n\u00famero econ\u00f3mico 00-834.<\/p>\n\n\n\n<p>EN LA CUENCA<\/p>\n\n\n\n<p>Por otra parte, ayer por la noche fueron asesinadas dos personas en el municipio de San Lucas Ojitl\u00e1n, en la regi\u00f3n de la Cuenca del Papaloapan.<\/p>\n\n\n\n<p>Fue en un domicilio de la localidad de General Sebasti\u00e1n Ortiz en que fue atacada la pareja, identificados como Catalina S. G. y Paulino B.; los agresores huyeron y hasta el momento no han sido identificados.<\/p>\n","protected":false},"excerpt":{"rendered":"<p>Redacci\u00f3n\/Zona Roja. Oaxaca de Ju\u00e1rez, Oax., a 4 de noviembre de 2022.- Tres personas fueron&hellip;<\/p>\n","protected":false},"author":2,"featured_media":29993,"comment_status":"closed","ping_status":"open","sticky":false,"template":"","format":"standard","meta":{"_lmt_disableupdate":"","_lmt_disable":"","_jetpack_memberships_contains_paid_content":false,"footnotes":""},"categories":[109,51],"tags":[209],"class_list":["post-47656","post","type-post","status-publish","format-standard","has-post-thumbnail","hentry","category-minuto-a-minuto","category-zona-roja","tag-san-lucas-ojitlan"],"jetpack_featured_media_url":"https:\/\/zonaroja.com.mx\/wp-content\/uploads\/2021\/07\/Escena-balazos.jpg","jetpack_sharing_enabled":true,"_links":{"self":[{"href":"https:\/\/zonaroja.com.mx\/index.php?rest_route=\/wp\/v2\/posts\/47656","targetHints":{"allow":["GET"]}}],"collection":[{"href":"https:\/\/zonaroja.com.mx\/index.php?rest_route=\/wp\/v2\/posts"}],"about":[{"href":"https:\/\/zonaroja.com.mx\/index.php?rest_route=\/wp\/v2\/types\/post"}],"author":[{"embeddable":true,"href":"https:\/\/zonaroja.com.mx\/index.php?rest_route=\/wp\/v2\/users\/2"}],"replies":[{"embeddable":true,"href":"https:\/\/zonaroja.com.mx\/index.php?rest_route=%2Fwp%2Fv2%2Fcomments&post=47656"}],"version-history":[{"count":1,"href":"https:\/\/zonaroja.com.mx\/index.php?rest_route=\/wp\/v2\/posts\/47656\/revisions"}],"predecessor-version":[{"id":47657,"href":"https:\/\/zonaroja.com.mx\/index.php?rest_route=\/wp\/v2\/posts\/47656\/revisions\/47657"}],"wp:featuredmedia":[{"embeddable":true,"href":"https:\/\/zonaroja.com.mx\/index.php?rest_route=\/wp\/v2\/media\/29993"}],"wp:attachment":[{"href":"https:\/\/zonaroja.com.mx\/index.php?rest_route=%2Fwp%2Fv2%2Fmedia&parent=47656"}],"wp:term":[{"taxonomy":"category","embeddable":true,"href":"https:\/\/zonaroja.com.mx\/index.php?rest_route=%2Fwp%2Fv2%2Fcategories&post=47656"},{"taxonomy":"post_tag","embeddable":true,"href":"https:\/\/zonaroja.com.mx\/index.php?rest_route=%2Fwp%2Fv2%2Ftags&post=47656"}],"curies":[{"name":"wp","href":"https:\/\/api.w.org\/{rel}","templated":true}]}}