{"id":47661,"date":"2022-11-05T09:50:00","date_gmt":"2022-11-05T15:50:00","guid":{"rendered":"http:\/\/www.zonaroja.com.mx\/?p=47661"},"modified":"2022-11-05T06:51:22","modified_gmt":"2022-11-05T12:51:22","slug":"secuestro-a-una-menor-durante-dos-meses-y-abuso-de-ella-ya-fue-detenido","status":"publish","type":"post","link":"https:\/\/zonaroja.com.mx\/?p=47661","title":{"rendered":"Secuestr\u00f3 a una menor durante dos meses y abus\u00f3 de ella; ya fue detenido"},"content":{"rendered":"\n<p>Redacci\u00f3n\/Zona Roja.<\/p>\n\n\n\n<p>Oaxaca de Ju\u00e1rez, Oax., 4 de noviembre de 2022.- La Fiscal\u00eda General del Estado de Oaxaca (FGEO) obtuvo auto de vinculaci\u00f3n a proceso contra la persona del sexo masculino identificada como V. P. C. o T. P. C., se\u00f1alado como probable responsable de los delitos de violaci\u00f3n, pederastia, privaci\u00f3n ilegal de la libertad y contra la dignidad de los menores de edad en agravio de un adolescente (cuya identidad es reservada), cometido en el municipio de Loma Bonita, en la regi\u00f3n de la Cuenca.<\/p>\n\n\n\n<p>De acuerdo con la causa penal 182\/2022, desde el 18 de julio hasta el 2 de septiembre de 2022, el probable responsable priv\u00f3 de la libertad a la v\u00edctima, y durante el periodo en cuesti\u00f3n agredi\u00f3 de manera sexual al adolescente, en un domicilio ubicado en la demarcaci\u00f3n antes mencionada.<\/p>\n\n\n\n<p>Ante estos hechos y tras la denuncia presentada por familiares de la v\u00edctima, la Instituci\u00f3n de procuraci\u00f3n de justicia inici\u00f3 una exhaustiva investigaci\u00f3n -a trav\u00e9s de la Vicefiscal\u00eda Regional de la Cuenca-, logrando presentar ante el Juez de la causa al probable responsable.<\/p>\n\n\n\n<p>En audiencia y tras validar los datos de prueba proporcionados por la FGEO, el juez en turno determin\u00f3 vincular a proceso a V. P. C. o T. P. C., imponiendo la medida cautelar de prisi\u00f3n preventiva justificada y otorg\u00f3 dos meses para el cierre de investigaci\u00f3n complementaria.<\/p>\n\n\n\n<p>Para la Fiscal\u00eda General del Estado es prioritario presentar ante la justicia y aplicar todo el rigor de la Ley a responsables de delitos que atentan contra la integridad y derechos de mujeres, ni\u00f1as, ni\u00f1os y adolescentes.&nbsp;<\/p>\n","protected":false},"excerpt":{"rendered":"<p>Redacci\u00f3n\/Zona Roja. Oaxaca de Ju\u00e1rez, Oax., 4 de noviembre de 2022.- La Fiscal\u00eda General del&hellip;<\/p>\n","protected":false},"author":2,"featured_media":2915,"comment_status":"closed","ping_status":"open","sticky":false,"template":"","format":"standard","meta":{"_lmt_disableupdate":"","_lmt_disable":"","_jetpack_memberships_contains_paid_content":false,"footnotes":""},"categories":[109,46],"tags":[494],"class_list":["post-47661","post","type-post","status-publish","format-standard","has-post-thumbnail","hentry","category-minuto-a-minuto","category-zona-blanca","tag-fiscalia-general-del-estado-de-oaxaca"],"jetpack_featured_media_url":"https:\/\/zonaroja.com.mx\/wp-content\/uploads\/2019\/08\/abuso-menores.jpg","jetpack_sharing_enabled":true,"_links":{"self":[{"href":"https:\/\/zonaroja.com.mx\/index.php?rest_route=\/wp\/v2\/posts\/47661","targetHints":{"allow":["GET"]}}],"collection":[{"href":"https:\/\/zonaroja.com.mx\/index.php?rest_route=\/wp\/v2\/posts"}],"about":[{"href":"https:\/\/zonaroja.com.mx\/index.php?rest_route=\/wp\/v2\/types\/post"}],"author":[{"embeddable":true,"href":"https:\/\/zonaroja.com.mx\/index.php?rest_route=\/wp\/v2\/users\/2"}],"replies":[{"embeddable":true,"href":"https:\/\/zonaroja.com.mx\/index.php?rest_route=%2Fwp%2Fv2%2Fcomments&post=47661"}],"version-history":[{"count":1,"href":"https:\/\/zonaroja.com.mx\/index.php?rest_route=\/wp\/v2\/posts\/47661\/revisions"}],"predecessor-version":[{"id":47662,"href":"https:\/\/zonaroja.com.mx\/index.php?rest_route=\/wp\/v2\/posts\/47661\/revisions\/47662"}],"wp:featuredmedia":[{"embeddable":true,"href":"https:\/\/zonaroja.com.mx\/index.php?rest_route=\/wp\/v2\/media\/2915"}],"wp:attachment":[{"href":"https:\/\/zonaroja.com.mx\/index.php?rest_route=%2Fwp%2Fv2%2Fmedia&parent=47661"}],"wp:term":[{"taxonomy":"category","embeddable":true,"href":"https:\/\/zonaroja.com.mx\/index.php?rest_route=%2Fwp%2Fv2%2Fcategories&post=47661"},{"taxonomy":"post_tag","embeddable":true,"href":"https:\/\/zonaroja.com.mx\/index.php?rest_route=%2Fwp%2Fv2%2Ftags&post=47661"}],"curies":[{"name":"wp","href":"https:\/\/api.w.org\/{rel}","templated":true}]}}