{"id":47669,"date":"2022-11-05T09:00:00","date_gmt":"2022-11-05T15:00:00","guid":{"rendered":"http:\/\/www.zonaroja.com.mx\/?p=47669"},"modified":"2022-11-05T08:09:24","modified_gmt":"2022-11-05T14:09:24","slug":"si-kleiver-no-tuviera-nada-que-temer-no-tendria-por-que-ampararse","status":"publish","type":"post","link":"https:\/\/zonaroja.com.mx\/?p=47669","title":{"rendered":"Si Kleiver \u201cno tuviera nada que temer no tendr\u00eda por qu\u00e9 ampararse\u201d"},"content":{"rendered":"\n<p>Ismael Garc\u00eda M.\/zona Roja.<\/p>\n\n\n\n<p>Oaxaca de Ju\u00e1rez, Oax., a 5 de noviembre de 2022.- \u201c\u00bfPero por qu\u00e9 se amparo Si no tuviera nada que temer no tendr\u00eda porque ampararse.<\/p>\n\n\n\n<p>\u201cTal vez alg\u00fan abogado traicionero, aparte de estarle pasando informaci\u00f3n, seguro ya lo orient\u00f3 o lo puso alerta, porque saben que tiene responsabilidad de lo que le pas\u00f3 a mi hermana\u201d.<\/p>\n\n\n\n<p>As\u00ed cuestion\u00f3 Margarita Hay Urrutia la acci\u00f3n jur\u00eddica por la cual Kleiver Espinoza, ex pareja de la joven Abigail H. U., fue puesto en libertad tras ser detenido moment\u00e1neamente el pasado jueves, al contar con un amparo de la justicia federal.&nbsp;<\/p>\n\n\n\n<p>\u201cDesgraciadamente este se\u00f1or Kleiver est\u00e1 amparado y no se pudo efectuar la detenci\u00f3n. El que nada debe nada teme, ni siquiera lleg\u00f3 al sepelio de Abi, se ha estado escondiendo, sabe todo lo que ha hecho y sigue haciendo\u201d, dijo la joven.<\/p>\n\n\n\n<p>A trav\u00e9s de las redes sociales, lament\u00f3 que a\u00fan&nbsp;<\/p>\n\n\n\n<p>El pasado 19 de agosto la joven madre de dos menores de edad, Abigail H. U., muri\u00f3 en los separos del municipio de Salina Cruz, supuestamente tras ahorcarse con una prenda \u00edntima. Por estos hechos la Fiscal\u00eda General del Estado de Oaxaca ha detenido a tres personas, que contin\u00faan su proceso judicial.<\/p>\n\n\n\n<p>No obstante, en el caso de Kleiver, quien fue el que pr\u00e1cticamente la entreg\u00f3 a la polic\u00eda municipal el d\u00eda de la detenci\u00f3n, contin\u00faa en libertad y se ha quedado con el menor de tres a\u00f1os de edad; seg\u00fan la familia, de manera ilegal.<\/p>\n\n\n\n<p>\u201cDesde el d\u00eda 19 de agosto el progenitor de mi sobrino menor de tres a\u00f1os, se lo llev\u00f3 del domicilio de mi pap\u00e1 d\u00f3nde viv\u00eda mi hermana Abi con sus dos hijos. \u201cEste se\u00f1or ya no viv\u00eda con ellos y no era pareja de mi hermana. Lleg\u00f3 a la casa diciendo que se llevar\u00eda al beb\u00e9. Mi pap\u00e1 le pregunt\u00f3 \u00bfd\u00f3nde est\u00e1 Abi?&nbsp; Y dijo que no quer\u00eda ir y que por eso \u00e9l fue por el beb\u00e9.<\/p>\n\n\n\n<p>\u201cSe llev\u00f3 al beb\u00e9, el cual se fue llorando, no se quer\u00eda ir con \u00e9l. No le dijo a mi pap\u00e1 que Abi estaba detenida. Abi ten\u00eda el resguardo del beb\u00e9 por parte del DIF y ese d\u00eda viernes \u00e9l no ten\u00eda porque llevarse al ni\u00f1o, los d\u00edas de visita era los domingos, as\u00ed lo hab\u00eda establecido el DIF\u201d, narr\u00f3 Margarita Hay esta semana, a trav\u00e9s de redes sociales.<\/p>\n\n\n\n<p>Detall\u00f3 que en varias ocasiones le han exigido a Kleiver que regrese al beb\u00e9 pero se ha negado bajo varias excusas.<\/p>\n\n\n\n<p>A principios de octubre, casi dos meses despu\u00e9s de que Abigail falleci\u00f3, Kleiver se comunica el pap\u00e1 de la v\u00edctima y le dijo que si quer\u00edan ver al ni\u00f1o, ser\u00eda en el Juzgado Familiar el d\u00eda jueves 13 de octubre a las 10:00 horas, para hacer un acuerdo de convivencia.<\/p>\n\n\n\n<p>Pero Kleiver no lleg\u00f3, por lo cual la Fiscal\u00eda General decidi\u00f3 dar a conocer una Alerta \u00c1mber para localizar el menor, pues Kleiver fue buscado en su domicilio y no se encontraba.<\/p>\n\n\n\n<p>\u201cEn su video dice que \u00e9l no se ha negado a que el beb\u00e9 conviva con nosotros y entonces todo lo que est\u00e1 haciendo qu\u00e9 es?\u201d. \u201cOjal\u00e1 pronto llegue la justicia, desgraciadamente \u00e9l no est\u00e1 detenido\u201d, expuso Margarita.<\/p>\n","protected":false},"excerpt":{"rendered":"<p>Ismael Garc\u00eda M.\/zona Roja. Oaxaca de Ju\u00e1rez, Oax., a 5 de noviembre de 2022.- \u201c\u00bfPero&hellip;<\/p>\n","protected":false},"author":2,"featured_media":44973,"comment_status":"closed","ping_status":"open","sticky":false,"template":"","format":"standard","meta":{"_lmt_disableupdate":"","_lmt_disable":"","_jetpack_memberships_contains_paid_content":false,"footnotes":""},"categories":[109,51],"tags":[3234],"class_list":["post-47669","post","type-post","status-publish","format-standard","has-post-thumbnail","hentry","category-minuto-a-minuto","category-zona-roja","tag-abigail-hay-urrutia"],"jetpack_featured_media_url":"https:\/\/zonaroja.com.mx\/wp-content\/uploads\/2022\/08\/Abigail-Hay-detencion.jpg","jetpack_sharing_enabled":true,"_links":{"self":[{"href":"https:\/\/zonaroja.com.mx\/index.php?rest_route=\/wp\/v2\/posts\/47669","targetHints":{"allow":["GET"]}}],"collection":[{"href":"https:\/\/zonaroja.com.mx\/index.php?rest_route=\/wp\/v2\/posts"}],"about":[{"href":"https:\/\/zonaroja.com.mx\/index.php?rest_route=\/wp\/v2\/types\/post"}],"author":[{"embeddable":true,"href":"https:\/\/zonaroja.com.mx\/index.php?rest_route=\/wp\/v2\/users\/2"}],"replies":[{"embeddable":true,"href":"https:\/\/zonaroja.com.mx\/index.php?rest_route=%2Fwp%2Fv2%2Fcomments&post=47669"}],"version-history":[{"count":1,"href":"https:\/\/zonaroja.com.mx\/index.php?rest_route=\/wp\/v2\/posts\/47669\/revisions"}],"predecessor-version":[{"id":47670,"href":"https:\/\/zonaroja.com.mx\/index.php?rest_route=\/wp\/v2\/posts\/47669\/revisions\/47670"}],"wp:featuredmedia":[{"embeddable":true,"href":"https:\/\/zonaroja.com.mx\/index.php?rest_route=\/wp\/v2\/media\/44973"}],"wp:attachment":[{"href":"https:\/\/zonaroja.com.mx\/index.php?rest_route=%2Fwp%2Fv2%2Fmedia&parent=47669"}],"wp:term":[{"taxonomy":"category","embeddable":true,"href":"https:\/\/zonaroja.com.mx\/index.php?rest_route=%2Fwp%2Fv2%2Fcategories&post=47669"},{"taxonomy":"post_tag","embeddable":true,"href":"https:\/\/zonaroja.com.mx\/index.php?rest_route=%2Fwp%2Fv2%2Ftags&post=47669"}],"curies":[{"name":"wp","href":"https:\/\/api.w.org\/{rel}","templated":true}]}}