{"id":47672,"date":"2022-11-05T14:18:58","date_gmt":"2022-11-05T20:18:58","guid":{"rendered":"http:\/\/www.zonaroja.com.mx\/?p=47672"},"modified":"2022-11-05T14:22:02","modified_gmt":"2022-11-05T20:22:02","slug":"deriva-en-pleito-entre-morenistas-la-crisisdelabasura-en-la-capital","status":"publish","type":"post","link":"https:\/\/zonaroja.com.mx\/?p=47672","title":{"rendered":"Deriva en pleito entre morenistas la \u201cCrisisDeLaBasura en la capital"},"content":{"rendered":"\n<p>Yuridiana Sosa\/Zona Roja.<\/p>\n\n\n\n<p>Oaxaca de Ju\u00e1rez, Oax., 5 de noviembre de 2022.- El crisis de la basura en la ciudad de Oaxaca deriv\u00f3 en conflicto pol\u00edtico entre militantes del Partido Morena.<\/p>\n\n\n\n<p>Integrantes del Sindicato \u201c3 de Marzo\u201d, del ayuntamiento de Oaxaca de Ju\u00e1rez, gobernado por morenistas, extendieron su presencia con camiones recolectores a m\u00e1s sitios p\u00fablicos de la capital.<\/p>\n\n\n\n<p>Con ello han convertido a la capital del estado en un foco masivo de contaminaci\u00f3n, al dispersar desde ayer la basura en diferentes plazas p\u00fablicas, sin que las autoridades municipales hagan algo.<\/p>\n\n\n\n<p>En su segundo d\u00eda de protesta para exigir supuestamente la apertura inmediata de un espacio para tirar los desechos, los trabajadores se dirigieron a \u201cEl Llano\u201d para vaciar basura en el espacio donde el partido Morena program\u00f3 una asamblea informativa a favor de la jefa de Gobierno de la Ciudad de M\u00e9xico, Claudia Sheinbaum Pardo.<\/p>\n\n\n\n<p>Mientras los sindicalizados con camiones recolectores se reorganizaban en diferentes puntos del Centro Hist\u00f3rico y rodeaban dicho parque, un grupo de trabajadores de limpia a bordo de una camioneta repleta de basura ingres\u00f3 al punto del evento para dispersar los desechos entre el templete y las sillas instaladas.<\/p>\n\n\n\n<p>La inusual protesta provoc\u00f3 el enojo de los organizadores del evento, al que hab\u00edan citado a las 13:00 horas, lo que ocasion\u00f3 un enfrentamiento verbal y que&nbsp;lleg\u00f3 a golpes entre los morenistas y los trabajadores del ayuntamiento gobernado por Francisco Mart\u00ednez Neri, del partido Morena.<\/p>\n\n\n\n<p>Ante el intento de morenistas de limpiar el lugar al que ya hab\u00edan llegado algunos simpatizantes de Claudia Sheinbaum, tra\u00eddos a la capital por los hermanos Gloria y H\u00e9ctor S\u00e1nchez L\u00f3pez -este \u00faltimo consejero de Morena- los sindicalizados\u00a0incrementaron su manifestaci\u00f3n e ingresaron las pesadas unidades hasta donde se ubic\u00f3 el templete del evento con la intenci\u00f3n de\u00a0 vaciar el contenido del cami\u00f3n de basura.<\/p>\n\n\n\n<figure class=\"wp-block-embed is-type-rich is-provider-twitter wp-block-embed-twitter\"><div class=\"wp-block-embed__wrapper\">\n<div class=\"twitter-tweet\"><blockquote class=\"twitter-tweet\" data-lang=\"es\"><p lang=\"es\" dir=\"ltr\">Estas son otras im\u00e1genes del boicot al evento de Morena este s\u00e1bado, en el parque \u201cEl Llano\u201d de la capital de Oaxaca, donde los sindicalizados tiraron basura. <a href=\"https:\/\/t.co\/mHVWccL8VS\">pic.twitter.com\/mHVWccL8VS<\/a><\/p>&mdash; Zona Roja Oaxaca (@ZonaRoja_Oaxaca) <a href=\"https:\/\/twitter.com\/ZonaRoja_Oaxaca\/status\/1588957051992297474?ref_src=twsrc%5Etfw\">5 de noviembre de 2022<\/a><\/blockquote><\/div>\n<\/div><\/figure>\n\n\n\n<p>Luego de varios minutos de confrontaci\u00f3n verbal, y con la lona de la propaganda rota, los asistentes morenistas reactivaron el barrido de la basura, misma que s\u00f3lo fue arrojada a unos metros de donde se ubicaba el foro; esto con la intenci\u00f3n de que se llevara a cabo la asamblea pese al mal olor del lugar.<\/p>\n\n\n\n<p>La peste invadi\u00f3 de inmediato la zona de esparcimiento, causando adem\u00e1s la molestia de los ciudadanos y comerciantes de los alrededores. Finalmente los morenistas decidieron mover su acto proselitista en la parte norte de \u201cEl Llano\u201d, frente al templo de Guadalupe.<\/p>\n\n\n\n<p>GRAVE CONTAMINACI\u00d3N<\/p>\n\n\n\n<p>Pero el enojo colectivo se registr\u00f3 con mayor \u00e9nfasis desde este viernes cuando los trabajadores vaciaron basura en Plaza de la Danza, el z\u00f3calo y la Alameda de Le\u00f3n, donde este s\u00e1bado permanecen los desechos y concentraci\u00f3n de unidades recolectores.<\/p>\n\n\n\n<p>En las plazas principales y calles que las rodean se respiran olores nauseabundos, lo que las hace intransitables para el peat\u00f3n e insoportable tanto para los que habitan como para los comerciantes; una gran parte de estos son restaurantes.<\/p>\n\n\n\n<p>Vecinos que habitan en inmediaciones de la Plaza de la Danza denunciaron la noche del viernes el insoportable olor, por lo que demandaron a las autoridades correspondientes intervenci\u00f3n y soluci\u00f3n inmediata al problema de la basura.<\/p>\n\n\n\n<p>En tanto, otros ciudadanos solo contribuyen a empeorar las condiciones del medio ambiente depositando su basura en las calles; para evitar, supuestamente, ser vistos eligen calles poco transitadas pero que al mismo tiempo las hace m\u00e1s susceptibles a ser puntos de tiraderos clandestinos.<\/p>\n\n\n\n<figure class=\"wp-block-embed is-type-rich is-provider-twitter wp-block-embed-twitter\"><div class=\"wp-block-embed__wrapper\">\n<div class=\"twitter-tweet\"><blockquote class=\"twitter-tweet\" data-lang=\"es\"><p lang=\"es\" dir=\"ltr\"><a href=\"https:\/\/twitter.com\/hashtag\/%C3%9AltimoMinuto?src=hash&amp;ref_src=twsrc%5Etfw\">#\u00daltimoMinuto<\/a> <br>Finalmente -y tras zafarrancho-, los militantes de <a href=\"https:\/\/twitter.com\/hashtag\/Morena?src=hash&amp;ref_src=twsrc%5Etfw\">#Morena<\/a> tuvieron que mover el lugar de su mitin en el parque \u201cEl Llano\u201d de la ciudad de Oaxaca, luego que sindicalizados del ayuntamiento morenista que preside <a href=\"https:\/\/twitter.com\/FMartinezNeri?ref_src=twsrc%5Etfw\">@FMartinezNeri<\/a> tirar\u00e1n basura para boicotearlos. <a href=\"https:\/\/t.co\/B5mkxbEWuO\">pic.twitter.com\/B5mkxbEWuO<\/a><\/p>&mdash; Zona Roja Oaxaca (@ZonaRoja_Oaxaca) <a href=\"https:\/\/twitter.com\/ZonaRoja_Oaxaca\/status\/1588977257208766465?ref_src=twsrc%5Etfw\">5 de noviembre de 2022<\/a><\/blockquote><\/div>\n<\/div><\/figure>\n","protected":false},"excerpt":{"rendered":"<p>Yuridiana Sosa\/Zona Roja. Oaxaca de Ju\u00e1rez, Oax., 5 de noviembre de 2022.- El crisis de&hellip;<\/p>\n","protected":false},"author":2,"featured_media":47673,"comment_status":"closed","ping_status":"open","sticky":false,"template":"","format":"standard","meta":{"_lmt_disableupdate":"","_lmt_disable":"","_jetpack_memberships_contains_paid_content":false,"footnotes":""},"categories":[109],"tags":[148],"class_list":["post-47672","post","type-post","status-publish","format-standard","has-post-thumbnail","hentry","category-minuto-a-minuto","tag-oaxaca-de-juarez"],"jetpack_featured_media_url":"https:\/\/zonaroja.com.mx\/wp-content\/uploads\/2022\/11\/Basura-ciudad-de-Oaxaca-evento-Morena-El-Llano.jpg","jetpack_sharing_enabled":true,"_links":{"self":[{"href":"https:\/\/zonaroja.com.mx\/index.php?rest_route=\/wp\/v2\/posts\/47672","targetHints":{"allow":["GET"]}}],"collection":[{"href":"https:\/\/zonaroja.com.mx\/index.php?rest_route=\/wp\/v2\/posts"}],"about":[{"href":"https:\/\/zonaroja.com.mx\/index.php?rest_route=\/wp\/v2\/types\/post"}],"author":[{"embeddable":true,"href":"https:\/\/zonaroja.com.mx\/index.php?rest_route=\/wp\/v2\/users\/2"}],"replies":[{"embeddable":true,"href":"https:\/\/zonaroja.com.mx\/index.php?rest_route=%2Fwp%2Fv2%2Fcomments&post=47672"}],"version-history":[{"count":2,"href":"https:\/\/zonaroja.com.mx\/index.php?rest_route=\/wp\/v2\/posts\/47672\/revisions"}],"predecessor-version":[{"id":47675,"href":"https:\/\/zonaroja.com.mx\/index.php?rest_route=\/wp\/v2\/posts\/47672\/revisions\/47675"}],"wp:featuredmedia":[{"embeddable":true,"href":"https:\/\/zonaroja.com.mx\/index.php?rest_route=\/wp\/v2\/media\/47673"}],"wp:attachment":[{"href":"https:\/\/zonaroja.com.mx\/index.php?rest_route=%2Fwp%2Fv2%2Fmedia&parent=47672"}],"wp:term":[{"taxonomy":"category","embeddable":true,"href":"https:\/\/zonaroja.com.mx\/index.php?rest_route=%2Fwp%2Fv2%2Fcategories&post=47672"},{"taxonomy":"post_tag","embeddable":true,"href":"https:\/\/zonaroja.com.mx\/index.php?rest_route=%2Fwp%2Fv2%2Ftags&post=47672"}],"curies":[{"name":"wp","href":"https:\/\/api.w.org\/{rel}","templated":true}]}}