{"id":47676,"date":"2022-11-05T14:46:22","date_gmt":"2022-11-05T20:46:22","guid":{"rendered":"http:\/\/www.zonaroja.com.mx\/?p=47676"},"modified":"2022-11-05T14:46:24","modified_gmt":"2022-11-05T20:46:24","slug":"el-horror-de-la-violencia-en-mexico-perros-con-restos-humanos-en-las-calles","status":"publish","type":"post","link":"https:\/\/zonaroja.com.mx\/?p=47676","title":{"rendered":"El horror de la violencia en M\u00e9xico: perros con restos humanos en las calles"},"content":{"rendered":"\n<p>Redacci\u00f3n\/Zona Roja Cdmx.<\/p>\n\n\n\n<p>Ciudad de M\u00e9xico, a 5 de noviembre de 2022.- El horror de la violencia por el crimen organizado en M\u00e9xico lleg\u00f3 a lo ininmaginable: perros con trozos humanos en las calles en varios puntos del pa\u00eds.<\/p>\n\n\n\n<p>Uno de los casos sucedi\u00f3 el pasado 28 de octubre en la colonia Santa Fe de Irapuato, Guanajuato, cuando un canino fue hallado paseando con un brazo humano en la boca.<\/p>\n\n\n\n<p>Ello motiv\u00f3 a los polic\u00edas y personas buscadoras de familiares desaparecidos a seguir los rastros del animal\u2026 para localizar una de las fosas clandestinas m\u00e1s grandes de la Rep\u00fablica Mexicana.<\/p>\n\n\n\n<p>Fue a espaldas del CBTIS 65 de Irapuato, en la salida a Le\u00f3n, en que se localiz\u00f3 un predio en que se hallaron alrededor de 50 envoltorios con restos humanos, que han sido rescatados por personal especializado y a la fecha se desconoce cu\u00e1ntos cuerpos son.<\/p>\n\n\n\n<p>Mientras tanto, en Zacatecas fue grabado en video un perro que llevaba una cabeza humana paseando por las calles, lo que provoc\u00f3 el asombro y consternaci\u00f3n de los mexicanos y del mundo.<\/p>\n\n\n\n<p>Seg\u00fan la Fiscal\u00eda General de Justicia de esa entidad, el animal tom\u00f3 los restos de una persona en un inmueble ubicado en el municipio de Monte Escobedo, el jueves de hace una semana, y se presume que fue un individuo ejecutado por el crimen organizado.<\/p>\n\n\n\n<p>(Informaci\u00f3n de agencias)<\/p>\n","protected":false},"excerpt":{"rendered":"<p>Redacci\u00f3n\/Zona Roja Cdmx. Ciudad de M\u00e9xico, a 5 de noviembre de 2022.- El horror de&hellip;<\/p>\n","protected":false},"author":2,"featured_media":47679,"comment_status":"closed","ping_status":"open","sticky":false,"template":"","format":"standard","meta":{"_lmt_disableupdate":"","_lmt_disable":"","_jetpack_memberships_contains_paid_content":false,"footnotes":""},"categories":[109,47],"tags":[1746],"class_list":["post-47676","post","type-post","status-publish","format-standard","has-post-thumbnail","hentry","category-minuto-a-minuto","category-zona-gris","tag-violencia-en-mexico"],"jetpack_featured_media_url":"https:\/\/zonaroja.com.mx\/wp-content\/uploads\/2022\/11\/Pero-cabeza-humana-Zacatecas.webp","jetpack_sharing_enabled":true,"_links":{"self":[{"href":"https:\/\/zonaroja.com.mx\/index.php?rest_route=\/wp\/v2\/posts\/47676","targetHints":{"allow":["GET"]}}],"collection":[{"href":"https:\/\/zonaroja.com.mx\/index.php?rest_route=\/wp\/v2\/posts"}],"about":[{"href":"https:\/\/zonaroja.com.mx\/index.php?rest_route=\/wp\/v2\/types\/post"}],"author":[{"embeddable":true,"href":"https:\/\/zonaroja.com.mx\/index.php?rest_route=\/wp\/v2\/users\/2"}],"replies":[{"embeddable":true,"href":"https:\/\/zonaroja.com.mx\/index.php?rest_route=%2Fwp%2Fv2%2Fcomments&post=47676"}],"version-history":[{"count":1,"href":"https:\/\/zonaroja.com.mx\/index.php?rest_route=\/wp\/v2\/posts\/47676\/revisions"}],"predecessor-version":[{"id":47680,"href":"https:\/\/zonaroja.com.mx\/index.php?rest_route=\/wp\/v2\/posts\/47676\/revisions\/47680"}],"wp:featuredmedia":[{"embeddable":true,"href":"https:\/\/zonaroja.com.mx\/index.php?rest_route=\/wp\/v2\/media\/47679"}],"wp:attachment":[{"href":"https:\/\/zonaroja.com.mx\/index.php?rest_route=%2Fwp%2Fv2%2Fmedia&parent=47676"}],"wp:term":[{"taxonomy":"category","embeddable":true,"href":"https:\/\/zonaroja.com.mx\/index.php?rest_route=%2Fwp%2Fv2%2Fcategories&post=47676"},{"taxonomy":"post_tag","embeddable":true,"href":"https:\/\/zonaroja.com.mx\/index.php?rest_route=%2Fwp%2Fv2%2Ftags&post=47676"}],"curies":[{"name":"wp","href":"https:\/\/api.w.org\/{rel}","templated":true}]}}