{"id":47683,"date":"2022-11-05T18:56:06","date_gmt":"2022-11-06T00:56:06","guid":{"rendered":"http:\/\/www.zonaroja.com.mx\/?p=47683"},"modified":"2022-11-05T18:56:07","modified_gmt":"2022-11-06T00:56:07","slug":"no-tire-su-cempasuchil-en-oaxaca-lo-recolectan-para-cuidar-el-medio-ambiente","status":"publish","type":"post","link":"https:\/\/zonaroja.com.mx\/?p=47683","title":{"rendered":"No tire su cempas\u00fachil; en Oaxaca lo recolectan, para cuidar el medio ambiente"},"content":{"rendered":"\n<p>Yuridiana Sosa\/Zona Roja.<\/p>\n\n\n\n<p>Oaxaca de Ju\u00e1rez, Oax., 5 de noviembre de 2022.- Ambientalistas de Oaxaca dar\u00e1n una segunda oportunidad a la flor de cempas\u00fachil, tras el \u201cD\u00eda de Muertos\u201d, por lo que iniciaron una colecta en la capital oaxaque\u00f1a.<\/p>\n\n\n\n<p>El proyecto educativo ambiental Fibra Nativa en conjunto con Plantero del Valle, llevan a cabo el acopio de flores o plantas de la tradicional flor de esta temporada, con el fin de reutilizarlas al transformarlas en bioinsecticidas, tintes y composta, con el resto de la planta no utilizada en los anteriores procesos.<\/p>\n\n\n\n<p>As\u00ed tambi\u00e9n, Fibra Nativa \u2014que ha realizado esta actividad por varios a\u00f1os\u2014 quiere ayudar a reducir los da\u00f1os ambientales al ser arrojada esta flor a la basura, que ante la crisis que vive la capital actualmente terminar\u00eda en las calles de la ciudad.<\/p>\n\n\n\n<p>La colecta de cempas\u00fachil comenz\u00f3 el pasado 3 de noviembre y permanecer\u00e1 hasta el pr\u00f3ximo 12 de noviembre en la calle de Miguel Negrete n\u00famero 122, casi esquina con calzada Madero, en la capital del estado, donde se ubica el Colectivo Colenda, en un horario de 11:00 a 18:00 horas.<\/p>\n\n\n\n<p>Las personas que contribuyan en su donativo de flor de muerto tienen derecho a inscribirse para recibir de manera gratuita alguno de los pr\u00f3ximos talleres sobre bioplaguicidas, otorgados por dichos colectivos ciudadanos.<\/p>\n\n\n\n<p>El bioinsecticida realizado con la flor acopiada ser\u00e1 regalado a quienes se inscribieron y donaron el cempas\u00fachil, as\u00ed como se aplicar\u00e1 algunos campos de cultivo por sus beneficios como nematicida.<\/p>\n\n\n\n<p>Fibra Nativa record\u00f3 que en otros a\u00f1os ha realizado esta actividad con diversos grupos ambientalistas, entre ellos Valle F\u00e9rtil, y este a\u00f1o es la primera vez que se organiza con Plantero Del Valle.<\/p>\n","protected":false},"excerpt":{"rendered":"<p>Yuridiana Sosa\/Zona Roja. Oaxaca de Ju\u00e1rez, Oax., 5 de noviembre de 2022.- Ambientalistas de Oaxaca&hellip;<\/p>\n","protected":false},"author":2,"featured_media":47684,"comment_status":"closed","ping_status":"open","sticky":false,"template":"","format":"standard","meta":{"_lmt_disableupdate":"","_lmt_disable":"","_jetpack_memberships_contains_paid_content":false,"footnotes":""},"categories":[109,47],"tags":[],"class_list":["post-47683","post","type-post","status-publish","format-standard","has-post-thumbnail","hentry","category-minuto-a-minuto","category-zona-gris"],"jetpack_featured_media_url":"https:\/\/zonaroja.com.mx\/wp-content\/uploads\/2022\/11\/Flor-de-Cempasuchitl-1.jpeg","jetpack_sharing_enabled":true,"_links":{"self":[{"href":"https:\/\/zonaroja.com.mx\/index.php?rest_route=\/wp\/v2\/posts\/47683","targetHints":{"allow":["GET"]}}],"collection":[{"href":"https:\/\/zonaroja.com.mx\/index.php?rest_route=\/wp\/v2\/posts"}],"about":[{"href":"https:\/\/zonaroja.com.mx\/index.php?rest_route=\/wp\/v2\/types\/post"}],"author":[{"embeddable":true,"href":"https:\/\/zonaroja.com.mx\/index.php?rest_route=\/wp\/v2\/users\/2"}],"replies":[{"embeddable":true,"href":"https:\/\/zonaroja.com.mx\/index.php?rest_route=%2Fwp%2Fv2%2Fcomments&post=47683"}],"version-history":[{"count":1,"href":"https:\/\/zonaroja.com.mx\/index.php?rest_route=\/wp\/v2\/posts\/47683\/revisions"}],"predecessor-version":[{"id":47685,"href":"https:\/\/zonaroja.com.mx\/index.php?rest_route=\/wp\/v2\/posts\/47683\/revisions\/47685"}],"wp:featuredmedia":[{"embeddable":true,"href":"https:\/\/zonaroja.com.mx\/index.php?rest_route=\/wp\/v2\/media\/47684"}],"wp:attachment":[{"href":"https:\/\/zonaroja.com.mx\/index.php?rest_route=%2Fwp%2Fv2%2Fmedia&parent=47683"}],"wp:term":[{"taxonomy":"category","embeddable":true,"href":"https:\/\/zonaroja.com.mx\/index.php?rest_route=%2Fwp%2Fv2%2Fcategories&post=47683"},{"taxonomy":"post_tag","embeddable":true,"href":"https:\/\/zonaroja.com.mx\/index.php?rest_route=%2Fwp%2Fv2%2Ftags&post=47683"}],"curies":[{"name":"wp","href":"https:\/\/api.w.org\/{rel}","templated":true}]}}