{"id":4771,"date":"2019-10-12T19:43:43","date_gmt":"2019-10-13T00:43:43","guid":{"rendered":"http:\/\/www.zonaroja.com.mx\/?p=4771"},"modified":"2019-10-12T19:43:47","modified_gmt":"2019-10-13T00:43:47","slug":"historico-obtienen-pueblos-de-ocotlan-zimatlan-concesiones-colectivas-de-agua","status":"publish","type":"post","link":"https:\/\/zonaroja.com.mx\/?p=4771","title":{"rendered":"Hist\u00f3rico: obtienen pueblos de Ocotl\u00e1n- Zimatl\u00e1n concesiones colectivas de agua"},"content":{"rendered":"\n<p>Redacci\u00f3n\/Zona Roja.<\/p>\n\n\n\n<p>Oaxaca de Ju\u00e1rez, Oax., 12 de octubre\nde 2019.- Tras 14 a\u00f1os de haber iniciado el proceso de defensa del agua, 16\ncomunidades del Valle de Ocotl\u00e1n- Zimatl\u00e1n de Oaxaca concluyeron la cuarta\netapa de Consulta Ind\u00edgena para el aprovechamiento del acu\u00edfero, dando paso a\nla \u00faltima consistente en la vigilancia y cumplimiento de los acuerdos, inform\u00f3\nla Defensor\u00eda de los Derechos Humanos del Pueblo de Oaxaca.<\/p>\n\n\n\n<p>En un comunicado, indic\u00f3 que autoridades\nmunicipales, pobladores integrantes la Coordinadora de Pueblos Unidos por el\nCuidado y Defensa del Agua (Copuda) arropados por la organizaci\u00f3n \u201cFlor y Canto\u201d,\nsignaron en San Antonino Castillo Velasco un acuerdo con el gobierno federal en\nel que se establecen cinco puntos para el aprovechamiento del acu\u00edfero.<\/p>\n\n\n\n<p>El primero implica la armonizaci\u00f3n de\nderechos territoriales entre el Estado mexicano, a trav\u00e9s de la Comisi\u00f3n\nNacional del Agua (Conagua) y las comunidades zapotecas integradas en la\nCopuda, estableciendo una nueva relaci\u00f3n con los pueblos ind\u00edgenas.<\/p>\n\n\n\n<p>En segundo lugar, la Conagua reconoce la participaci\u00f3n de las comunidades en la administraci\u00f3n del agua subterr\u00e1nea del acu\u00edfero de Valles Centrales clave 20-25 en donde se ubica la microrregi\u00f3n.<\/p>\n\n\n\n<figure class=\"wp-block-embed-twitter wp-block-embed is-type-rich is-provider-twitter\"><div class=\"wp-block-embed__wrapper\">\n<div class=\"twitter-tweet\"><blockquote class=\"twitter-tweet\" data-lang=\"es\"><p lang=\"es\" dir=\"ltr\">Hist\u00f3rica firma de Acuerdo entre el <a href=\"https:\/\/twitter.com\/GobiernoMX?ref_src=twsrc%5Etfw\">@GobiernoMX<\/a> y las comunidades ind\u00edgenas de los Valles Centrales de <a href=\"https:\/\/twitter.com\/hashtag\/Oaxaca?src=hash&amp;ref_src=twsrc%5Etfw\">#Oaxaca<\/a> para la revisi\u00f3n del Decreto de Veda de 1967 y la administraci\u00f3n conjunta del agua. <br><br>Vamos por el reconocimiento de los derechos territoriales de nuestros pueblos! <a href=\"https:\/\/t.co\/061wY18TuF\">pic.twitter.com\/061wY18TuF<\/a><\/p>&mdash; Adelfo Regino Montes (@DEELAYUUK) <a href=\"https:\/\/twitter.com\/DEELAYUUK\/status\/1183122995365208064?ref_src=twsrc%5Etfw\">12 de octubre de 2019<\/a><\/blockquote><\/div>\n<\/div><\/figure>\n\n\n\n<p>Este acuerdo identifica\nresponsabilidades mutuas de la Conagua y Copuda, que implican el otorgamiento\nde concesiones colectivas para el aprovechamiento del agua; as\u00ed como una\nrelaci\u00f3n de estrecha comunicaci\u00f3n respecto al uso y aprovechamiento del agua,\nadem\u00e1s de la vigilancia conjunta en la aplicaci\u00f3n de las reglas. <\/p>\n\n\n\n<p>El tercer punto implica en que la\nConagua establecer\u00e1 un nuevo decreto, que incluya la zona reglamentada; la\npublicaci\u00f3n de un estudio t\u00e9cnico en el que se establezca la disponibilidad de\nagua en el acu\u00edfero y la emisi\u00f3n de concesiones colectivas.<\/p>\n\n\n\n<p>En su cuarto apartado, la Copuda deber\u00e1\nsolicitar por cada pueblo las concesiones colectivas; continuar con las obras\npara recargar el acu\u00edfero y la elaboraci\u00f3n de su reglamento comunitario en un\nperiodo de 90 d\u00edas.<\/p>\n\n\n\n<p>El quinto y \u00faltimo acuerdo consiste en\nun trabajo conjunto para la tecnificaci\u00f3n de riego.<\/p>\n\n\n\n<p>Ante ello, el titular de la Secretar\u00eda\ndel Medio Ambiente y Recursos Naturales (Semarnat), V\u00edctor Manuel Toledo Manzur,\nreconoci\u00f3 el trabajo de las comunidades del Valle de Ocotl\u00e1n- Zimatl\u00e1n, quienes\ncrearon el concepto de \u201csembradores de agua\u201d.<\/p>\n\n\n\n<p>El trabajo efectuado por estas\npoblaciones, dijo, ser\u00e1 retomado en la construcci\u00f3n de la Ley General de Aguas\nque se presentar\u00e1 en febrero del pr\u00f3ximo a\u00f1o.<\/p>\n\n\n\n<p>Por su parte, el defensor de los\nDerechos Humanos del Pueblo de Oaxaca (DDHPO), Bernardo Rodr\u00edguez Alamilla, agradeci\u00f3\na la Copuda la organizaci\u00f3n que han demostrado y la construcci\u00f3n de una nueva\nrelaci\u00f3n con las autoridades.<\/p>\n\n\n\n<p>El representante del Alto Comisionado\nde las Naciones Unidas en M\u00e9xico, Jan Jarab resalt\u00f3 que el proceso largo de\nconsulta que acompa\u00f1\u00f3 el organismo es ya un ejemplo a nivel nacional e\ninternacional.<\/p>\n\n\n\n<p>\u201cLa oficina del Alto Comisionado\nacompa\u00f1a tambi\u00e9n otras comunidades en el pa\u00eds en sus procesos de consulta, pero\nel efectuado en estas localidades de Oaxaca es el m\u00e1s exitoso al que se ha dado\nseguimiento.&nbsp; Es un ejemplo que puede ser\nen otras entidades federativas y otros contextos\u201d, apunt\u00f3.<\/p>\n\n\n\n<p>En tanto que el titular del Instituto\nNacional de los Pueblos Ind\u00edgenas (INPI), Adelfo Regino Montes, reconoci\u00f3 el\ntrabajo de la Copuda, as\u00ed como la apertura que ha demostrado en apenas unos\nmeses el gobierno federal para tomar en cuenta a las comunidades ind\u00edgenas del\npa\u00eds.<\/p>\n\n\n\n<p>Asimismo, los miembros de la\nCoordinadora nombraron a los representantes de cada uno de los pueblos que\nconforman esta organizaci\u00f3n, que dar\u00e1n continuidad a la quinta etapa de la\nconsulta que consiste en el cumplimiento de acuerdos, en la que tambi\u00e9n estar\u00e1\npresente la DDHPO.<\/p>\n\n\n\n<p>La titular de la Conagua, Blanca\nJim\u00e9nez Cisneros reconoci\u00f3 el trabajo efectuado por la organizaci\u00f3n \u201cFlor y Canto\u201d,\nen el acompa\u00f1amiento del proceso.<\/p>\n","protected":false},"excerpt":{"rendered":"<p>Redacci\u00f3n\/Zona Roja. Oaxaca de Ju\u00e1rez, Oax., 12 de octubre de 2019.- Tras 14 a\u00f1os de&hellip;<\/p>\n","protected":false},"author":2,"featured_media":4772,"comment_status":"closed","ping_status":"open","sticky":false,"template":"","format":"standard","meta":{"_lmt_disableupdate":"","_lmt_disable":"","_jetpack_memberships_contains_paid_content":false,"footnotes":""},"categories":[109,46],"tags":[859],"class_list":["post-4771","post","type-post","status-publish","format-standard","has-post-thumbnail","hentry","category-minuto-a-minuto","category-zona-blanca","tag-copuda"],"jetpack_featured_media_url":"https:\/\/zonaroja.com.mx\/wp-content\/uploads\/2019\/10\/PHOTO-2019-10-12-19-37-18.jpg","jetpack_sharing_enabled":true,"_links":{"self":[{"href":"https:\/\/zonaroja.com.mx\/index.php?rest_route=\/wp\/v2\/posts\/4771","targetHints":{"allow":["GET"]}}],"collection":[{"href":"https:\/\/zonaroja.com.mx\/index.php?rest_route=\/wp\/v2\/posts"}],"about":[{"href":"https:\/\/zonaroja.com.mx\/index.php?rest_route=\/wp\/v2\/types\/post"}],"author":[{"embeddable":true,"href":"https:\/\/zonaroja.com.mx\/index.php?rest_route=\/wp\/v2\/users\/2"}],"replies":[{"embeddable":true,"href":"https:\/\/zonaroja.com.mx\/index.php?rest_route=%2Fwp%2Fv2%2Fcomments&post=4771"}],"version-history":[{"count":1,"href":"https:\/\/zonaroja.com.mx\/index.php?rest_route=\/wp\/v2\/posts\/4771\/revisions"}],"predecessor-version":[{"id":4773,"href":"https:\/\/zonaroja.com.mx\/index.php?rest_route=\/wp\/v2\/posts\/4771\/revisions\/4773"}],"wp:featuredmedia":[{"embeddable":true,"href":"https:\/\/zonaroja.com.mx\/index.php?rest_route=\/wp\/v2\/media\/4772"}],"wp:attachment":[{"href":"https:\/\/zonaroja.com.mx\/index.php?rest_route=%2Fwp%2Fv2%2Fmedia&parent=4771"}],"wp:term":[{"taxonomy":"category","embeddable":true,"href":"https:\/\/zonaroja.com.mx\/index.php?rest_route=%2Fwp%2Fv2%2Fcategories&post=4771"},{"taxonomy":"post_tag","embeddable":true,"href":"https:\/\/zonaroja.com.mx\/index.php?rest_route=%2Fwp%2Fv2%2Ftags&post=4771"}],"curies":[{"name":"wp","href":"https:\/\/api.w.org\/{rel}","templated":true}]}}