{"id":47715,"date":"2022-11-06T09:00:00","date_gmt":"2022-11-06T15:00:00","guid":{"rendered":"http:\/\/www.zonaroja.com.mx\/?p=47715"},"modified":"2022-11-06T07:40:04","modified_gmt":"2022-11-06T13:40:04","slug":"inicia-noviembre-con-13-personas-no-localizadas-y-desaparecidas-en-oaxaca","status":"publish","type":"post","link":"https:\/\/zonaroja.com.mx\/?p=47715","title":{"rendered":"Inicia noviembre con 13 personas no localizadas y desaparecidas en Oaxaca"},"content":{"rendered":"\n<p>Yuridiana Sosa\/ Zona Roja.<\/p>\n\n\n\n<p>Oaxaca de Ju\u00e1rez, Oax., 6 de noviembre de 2022.- Noviembre inici\u00f3 en Oaxaca con un saldo de 10 varones y tres mujeres desaparecidas, entre ellos cuatro menores de edad.\u00a0<\/p>\n\n\n\n<p>De acuerdo con la Unidad de B\u00fasqueda de Personas Desaparecidas y no Localizadas, las desapariciones reportadas durante los primeros d\u00edas de noviembre ocurrieron tanto a inicios de este mes como en octubre y en septiembre.\u00a0<\/p>\n\n\n\n<p>De forma inusual, el n\u00famero de mujeres que prevalecen no localizadas es m\u00ednimo; se registra el caso de Alejandra Isabel Mancera\u00a0<a href=\"http:\/\/xn--martnez-bza.de\/\">Mart\u00ednez, de<\/a>\u00a047 a\u00f1os, vista por \u00faltima vez el 3 de noviembre en Santa Luc\u00eda del Camino, zona conurbada a la capital.\u00a0<\/p>\n\n\n\n<p>Ayer se difundieron tres casos recientes: Karla Lizbeth Salinas Jim\u00e9nez, de 14 a\u00f1os, fue vista por \u00faltima vez en Santos Reyes Nopala; Juquila; Amando Manuel S\u00e1nchez, de 37 a\u00f1os y desaparecido el 25 de octubre en San Miguel Soyaltepec; Humberto Bautista Mart\u00ednez, de 38 a\u00f1os, desapareci\u00f3 el 4 de noviembre en Oaxaca de Ju\u00e1rez.<\/p>\n\n\n\n<p>Con Alerta \u00c1mber se report\u00f3 la desaparici\u00f3n de una menor de nueve meses, de sexo femenino, en Juchit\u00e1n de Zaragoza.<\/p>\n\n\n\n<p>En el caso de los varones, la ficha de b\u00fasqueda de la desaparici\u00f3n m\u00e1s reciente fue para localizar a Luis Alberto L\u00f3pez Jim\u00e9nez, de 21 a\u00f1os, visto desde el pasado 3 de noviembre en\u00a0la colonia Alianza del municipio de Santa Cruz Xoxocotl\u00e1n.<\/p>\n\n\n\n<p>Familiares y autoridades piden la colaboraci\u00f3n para localizar a Alberto Orozco Canseco de 41 a\u00f1os, desaparecido el 3 de noviembre tras ser visto en la colonia El Pilar de San Jacinto Amilpas.<\/p>\n\n\n\n<p>\u00d3scar Eduardo Luis Caballero de 34 a\u00f1os, fue visto por \u00faltima vez el 1 de noviembre en Santa Luc\u00eda del Camino; Amador Jos\u00e9 Cortes Luis, de 44 a\u00f1os, desapareci\u00f3 el 27 de octubre en calles de la ciudad de Oaxaca de Ju\u00e1rez, mientras que Jos\u00e9 Pedro Ursino Santiago, de 13 a\u00f1os de edad, el 31 de octubre en el Barrio La Soledad de Villa de Zaachila.<\/p>\n\n\n\n<p>Otros casos son los de Melchor D\u00edaz Maldonado, 74 a\u00f1os, no localizado desde el 28 de octubre tras ser visto en la colonia Benito Ju\u00e1rez de Santo Domingo Tehuantepec; Miguel \u00c1ngel Dur\u00e1n Carrizosa de 16 a\u00f1os desapareci\u00f3 el 2 de octubre en el centro del municipio de Huajuapan De Le\u00f3n.<\/p>\n\n\n\n<p>Tambi\u00e9n se report\u00f3 este mes la desaparici\u00f3n del menor de tres a\u00f1os, Leyder P\u00e9rez Salva, desde el pasado 19 de septiembre luego de estar en compa\u00f1\u00eda de las ciudadanas Rosa Mar\u00eda Salva Toral y Mar\u00eda Elena S\u00e1nchez Salva y ser vistos sobre la carretera Costera, Salina Cruz.<\/p>\n","protected":false},"excerpt":{"rendered":"<p>Yuridiana Sosa\/ Zona Roja. Oaxaca de Ju\u00e1rez, Oax., 6 de noviembre de 2022.- Noviembre inici\u00f3&hellip;<\/p>\n","protected":false},"author":2,"featured_media":47716,"comment_status":"closed","ping_status":"open","sticky":false,"template":"","format":"standard","meta":{"_lmt_disableupdate":"","_lmt_disable":"","_jetpack_memberships_contains_paid_content":false,"footnotes":""},"categories":[109,47],"tags":[455],"class_list":["post-47715","post","type-post","status-publish","format-standard","has-post-thumbnail","hentry","category-minuto-a-minuto","category-zona-gris","tag-mujeres-desaparecidas-oaxaca"],"jetpack_featured_media_url":"https:\/\/zonaroja.com.mx\/wp-content\/uploads\/2022\/11\/Personas-desaparecidas-Oaxaca.jpg","jetpack_sharing_enabled":true,"_links":{"self":[{"href":"https:\/\/zonaroja.com.mx\/index.php?rest_route=\/wp\/v2\/posts\/47715","targetHints":{"allow":["GET"]}}],"collection":[{"href":"https:\/\/zonaroja.com.mx\/index.php?rest_route=\/wp\/v2\/posts"}],"about":[{"href":"https:\/\/zonaroja.com.mx\/index.php?rest_route=\/wp\/v2\/types\/post"}],"author":[{"embeddable":true,"href":"https:\/\/zonaroja.com.mx\/index.php?rest_route=\/wp\/v2\/users\/2"}],"replies":[{"embeddable":true,"href":"https:\/\/zonaroja.com.mx\/index.php?rest_route=%2Fwp%2Fv2%2Fcomments&post=47715"}],"version-history":[{"count":1,"href":"https:\/\/zonaroja.com.mx\/index.php?rest_route=\/wp\/v2\/posts\/47715\/revisions"}],"predecessor-version":[{"id":47717,"href":"https:\/\/zonaroja.com.mx\/index.php?rest_route=\/wp\/v2\/posts\/47715\/revisions\/47717"}],"wp:featuredmedia":[{"embeddable":true,"href":"https:\/\/zonaroja.com.mx\/index.php?rest_route=\/wp\/v2\/media\/47716"}],"wp:attachment":[{"href":"https:\/\/zonaroja.com.mx\/index.php?rest_route=%2Fwp%2Fv2%2Fmedia&parent=47715"}],"wp:term":[{"taxonomy":"category","embeddable":true,"href":"https:\/\/zonaroja.com.mx\/index.php?rest_route=%2Fwp%2Fv2%2Fcategories&post=47715"},{"taxonomy":"post_tag","embeddable":true,"href":"https:\/\/zonaroja.com.mx\/index.php?rest_route=%2Fwp%2Fv2%2Ftags&post=47715"}],"curies":[{"name":"wp","href":"https:\/\/api.w.org\/{rel}","templated":true}]}}