{"id":47719,"date":"2022-11-06T07:51:22","date_gmt":"2022-11-06T13:51:22","guid":{"rendered":"http:\/\/www.zonaroja.com.mx\/?p=47719"},"modified":"2022-11-06T07:51:23","modified_gmt":"2022-11-06T13:51:23","slug":"en-oaxaca-marido-disparo-contra-su-esposa-y-despues-se-intento-suicidar","status":"publish","type":"post","link":"https:\/\/zonaroja.com.mx\/?p=47719","title":{"rendered":"En Oaxaca, marido dispar\u00f3 contra su esposa y despu\u00e9s se intent\u00f3 suicidar"},"content":{"rendered":"\n<p>Ismael Garc\u00eda M.\/Zona Roja.<\/p>\n\n\n\n<p>Oaxaca de Ju\u00e1rez, Oax., a 6 de noviembre de 2022.- No se conocen hasta ahora las razones por las cuales mat\u00f3 a su esposa y luego se intent\u00f3 suicidar.<\/p>\n\n\n\n<p>Pero esa noche del pasado jueves 3 de noviembre, Paulino lleg\u00f3 a su casa, en la comunidad General Sebasti\u00e1n Ortiz, de San Lucas Ojitl\u00e1n; le dispar\u00f3 directamente a su esposa, y luego se intent\u00f3 suicidar.<\/p>\n\n\n\n<p>Corporaciones policiales y param\u00e9dicos arribaron al hogar y se llevaron los dos cuerpos al hospital general de San Juan Bautista Tuxtepec; sin embargo, al llegar, ya hab\u00eda perdido la vida Catalina S. G.<\/p>\n\n\n\n<p>En tanto, Paulino B. C., permanece hospitalizado y con custodia, pues una vez que se recupere ser\u00e1 puesto a disposici\u00f3n del Ministerio P\u00fablico de la Fiscal\u00eda General del Estado de Oaxaca, a trav\u00e9s de la Vicefiscal\u00eda Regional de la Cuenca.<\/p>\n\n\n\n<p>La Agencia Estatal de Investigaciones contin\u00faa con as indagatorias, para dar con las razones que llevaron al hombre a matar a su esposa.<\/p>\n","protected":false},"excerpt":{"rendered":"<p>Ismael Garc\u00eda M.\/Zona Roja. Oaxaca de Ju\u00e1rez, Oax., a 6 de noviembre de 2022.- No&hellip;<\/p>\n","protected":false},"author":2,"featured_media":47694,"comment_status":"closed","ping_status":"open","sticky":false,"template":"","format":"standard","meta":{"_lmt_disableupdate":"","_lmt_disable":"","_jetpack_memberships_contains_paid_content":false,"footnotes":""},"categories":[109,51],"tags":[209],"class_list":["post-47719","post","type-post","status-publish","format-standard","has-post-thumbnail","hentry","category-minuto-a-minuto","category-zona-roja","tag-san-lucas-ojitlan"],"jetpack_featured_media_url":"https:\/\/zonaroja.com.mx\/wp-content\/uploads\/2022\/11\/Feminicidios-violencia-mujeres.jpg","jetpack_sharing_enabled":true,"_links":{"self":[{"href":"https:\/\/zonaroja.com.mx\/index.php?rest_route=\/wp\/v2\/posts\/47719","targetHints":{"allow":["GET"]}}],"collection":[{"href":"https:\/\/zonaroja.com.mx\/index.php?rest_route=\/wp\/v2\/posts"}],"about":[{"href":"https:\/\/zonaroja.com.mx\/index.php?rest_route=\/wp\/v2\/types\/post"}],"author":[{"embeddable":true,"href":"https:\/\/zonaroja.com.mx\/index.php?rest_route=\/wp\/v2\/users\/2"}],"replies":[{"embeddable":true,"href":"https:\/\/zonaroja.com.mx\/index.php?rest_route=%2Fwp%2Fv2%2Fcomments&post=47719"}],"version-history":[{"count":1,"href":"https:\/\/zonaroja.com.mx\/index.php?rest_route=\/wp\/v2\/posts\/47719\/revisions"}],"predecessor-version":[{"id":47720,"href":"https:\/\/zonaroja.com.mx\/index.php?rest_route=\/wp\/v2\/posts\/47719\/revisions\/47720"}],"wp:featuredmedia":[{"embeddable":true,"href":"https:\/\/zonaroja.com.mx\/index.php?rest_route=\/wp\/v2\/media\/47694"}],"wp:attachment":[{"href":"https:\/\/zonaroja.com.mx\/index.php?rest_route=%2Fwp%2Fv2%2Fmedia&parent=47719"}],"wp:term":[{"taxonomy":"category","embeddable":true,"href":"https:\/\/zonaroja.com.mx\/index.php?rest_route=%2Fwp%2Fv2%2Fcategories&post=47719"},{"taxonomy":"post_tag","embeddable":true,"href":"https:\/\/zonaroja.com.mx\/index.php?rest_route=%2Fwp%2Fv2%2Ftags&post=47719"}],"curies":[{"name":"wp","href":"https:\/\/api.w.org\/{rel}","templated":true}]}}