{"id":47723,"date":"2022-11-06T16:33:44","date_gmt":"2022-11-06T22:33:44","guid":{"rendered":"http:\/\/www.zonaroja.com.mx\/?p=47723"},"modified":"2022-11-06T16:33:46","modified_gmt":"2022-11-06T22:33:46","slug":"mueren-siete-militares-en-accidente-carretero-en-tamaulipas","status":"publish","type":"post","link":"https:\/\/zonaroja.com.mx\/?p=47723","title":{"rendered":"Mueren siete militares en accidente carretero en Tamaulipas"},"content":{"rendered":"\n<p>Redacci\u00f3n\/Zona Roja Cdmx.<\/p>\n\n\n\n<p>Ciudad de M\u00e9xico, a 6 de noviembre de 2022.- Siete militares murieron y otro m\u00e1s result\u00f3&nbsp;lesionado, en un accidente registrado en la carretera Soto la Marina-Rayones, Tamaulipas, alrededor de las 06:00 horas.&nbsp;<\/p>\n\n\n\n<p>Debido a la gravedad del accidente la carretera ha permanecido cerrada a la circulaci\u00f3n de todo tipo de unidades.<\/p>\n\n\n\n<p>De acuerdo con los primeros informes el accidente se dio por alcance del veh\u00edculo en que se transportaban un todo terreno tipo Hummer, el cual se estrello en la parte trasera de un tr\u00e1iler. Al parecer el conductor de la unidad militar rebaso a otro veh\u00edculo sin la debida precauci\u00f3n por lo cual se estrello contra el tr\u00e1iler que iba adelante.<\/p>\n\n\n\n<p>Param\u00e9dicos de la Cruz Roja y Protecci\u00f3n Civil de Soto la Marina se trasladaron al kil\u00f3metro 215 de la carretera Tampico-Reynosa para atender y llevar a los heridos a unidades m\u00e9dicas para su atenci\u00f3n.<\/p>\n\n\n\n<p>La carretera ha permanecido cerrada por m\u00e1s de cinco a\u00f1os en tanto se hacen los peritajes para deslindar responsabilidades as\u00ed como el levantamiento de las v\u00edctimas. El lugar estuvo acordonado por el Ej\u00e9rcito Mexicano, Guardia Nacional y la Polic\u00eda Estatal en tanto se atend\u00eda a los heridos, y realizaban peritajes, as\u00ed como el Ministerio P\u00fablico dispon\u00eda el levantamiento de los cuerpos.<\/p>\n\n\n\n<p>(Informaci\u00f3n de \u201cEl Heraldo de M\u00e9xico\u201d)<\/p>\n","protected":false},"excerpt":{"rendered":"<p>Redacci\u00f3n\/Zona Roja Cdmx. Ciudad de M\u00e9xico, a 6 de noviembre de 2022.- Siete militares murieron&hellip;<\/p>\n","protected":false},"author":2,"featured_media":47724,"comment_status":"closed","ping_status":"open","sticky":false,"template":"","format":"standard","meta":{"_lmt_disableupdate":"","_lmt_disable":"","_jetpack_memberships_contains_paid_content":false,"footnotes":""},"categories":[109,51],"tags":[],"class_list":["post-47723","post","type-post","status-publish","format-standard","has-post-thumbnail","hentry","category-minuto-a-minuto","category-zona-roja"],"jetpack_featured_media_url":"https:\/\/zonaroja.com.mx\/wp-content\/uploads\/2022\/11\/Accidente-militares-Tamaulipas.jpeg","jetpack_sharing_enabled":true,"_links":{"self":[{"href":"https:\/\/zonaroja.com.mx\/index.php?rest_route=\/wp\/v2\/posts\/47723","targetHints":{"allow":["GET"]}}],"collection":[{"href":"https:\/\/zonaroja.com.mx\/index.php?rest_route=\/wp\/v2\/posts"}],"about":[{"href":"https:\/\/zonaroja.com.mx\/index.php?rest_route=\/wp\/v2\/types\/post"}],"author":[{"embeddable":true,"href":"https:\/\/zonaroja.com.mx\/index.php?rest_route=\/wp\/v2\/users\/2"}],"replies":[{"embeddable":true,"href":"https:\/\/zonaroja.com.mx\/index.php?rest_route=%2Fwp%2Fv2%2Fcomments&post=47723"}],"version-history":[{"count":1,"href":"https:\/\/zonaroja.com.mx\/index.php?rest_route=\/wp\/v2\/posts\/47723\/revisions"}],"predecessor-version":[{"id":47725,"href":"https:\/\/zonaroja.com.mx\/index.php?rest_route=\/wp\/v2\/posts\/47723\/revisions\/47725"}],"wp:featuredmedia":[{"embeddable":true,"href":"https:\/\/zonaroja.com.mx\/index.php?rest_route=\/wp\/v2\/media\/47724"}],"wp:attachment":[{"href":"https:\/\/zonaroja.com.mx\/index.php?rest_route=%2Fwp%2Fv2%2Fmedia&parent=47723"}],"wp:term":[{"taxonomy":"category","embeddable":true,"href":"https:\/\/zonaroja.com.mx\/index.php?rest_route=%2Fwp%2Fv2%2Fcategories&post=47723"},{"taxonomy":"post_tag","embeddable":true,"href":"https:\/\/zonaroja.com.mx\/index.php?rest_route=%2Fwp%2Fv2%2Ftags&post=47723"}],"curies":[{"name":"wp","href":"https:\/\/api.w.org\/{rel}","templated":true}]}}