{"id":47726,"date":"2022-11-06T16:57:46","date_gmt":"2022-11-06T22:57:46","guid":{"rendered":"http:\/\/www.zonaroja.com.mx\/?p=47726"},"modified":"2022-11-06T17:01:06","modified_gmt":"2022-11-06T23:01:06","slug":"asesinan-a-un-individuo-en-san-pedro-ixtlahuaca-oaxaca","status":"publish","type":"post","link":"https:\/\/zonaroja.com.mx\/?p=47726","title":{"rendered":"Asesinan a un individuo en San Pedro Ixtlahuaca, Oaxaca"},"content":{"rendered":"\n<p>Redacci\u00f3n\/Zona Roja.<\/p>\n\n\n\n<p>Oaxaca de Ju\u00e1rez, Oax., a 6 de noviembre de 2022.- Una persona del sexo masculino fue asesinada a balazos y su cuerpo fue localizado esta ma\u00f1ana en jurisdicci\u00f3n de San Pedro Ixtlahuaca, municipio de la regi\u00f3n Valles Centrales, conurbado a la capital oaxaque\u00f1a.<\/p>\n\n\n\n<p>De acuerdo con los primeros reportes, el cuerpo presenta signos de violencia y disparos de arma de fuego; fue localizado en inmediaciones del paraje \u201cLa Ca\u00f1ada\u201d, en la colindancia con Santa Maria Atzompa.<\/p>\n\n\n\n<p>Polic\u00edas municipales arribaron a la zona para acordonar el sitio; posteriormente param\u00e9dicos verificaron que ya hab\u00eda perdido la vida.<\/p>\n\n\n\n<p>M\u00e1s tarde, peritos y elementos de la Agencia Estatal de Investigaciones, dependientes de la Fiscal\u00eda General del Estado de Oaxaca, iniciaron las primeras indagatorias.<\/p>\n\n\n\n<p>Seg\u00fan la autoridad municipal de San Pedro Ixtlahuaca, el cuerpo fue arrojado en la zona pero el individuo habr\u00eda sido ultimado en otro sitio.<\/p>\n","protected":false},"excerpt":{"rendered":"<p>Redacci\u00f3n\/Zona Roja. Oaxaca de Ju\u00e1rez, Oax., a 6 de noviembre de 2022.- Una persona del&hellip;<\/p>\n","protected":false},"author":2,"featured_media":47728,"comment_status":"closed","ping_status":"open","sticky":false,"template":"","format":"standard","meta":{"_lmt_disableupdate":"","_lmt_disable":"","_jetpack_memberships_contains_paid_content":false,"footnotes":""},"categories":[109,51],"tags":[2140],"class_list":["post-47726","post","type-post","status-publish","format-standard","has-post-thumbnail","hentry","category-minuto-a-minuto","category-zona-roja","tag-san-pedro-ixtlahuaca"],"jetpack_featured_media_url":"https:\/\/zonaroja.com.mx\/wp-content\/uploads\/2022\/11\/Asesinado-San-Pedro-Ixtlahuaca.jpg","jetpack_sharing_enabled":true,"_links":{"self":[{"href":"https:\/\/zonaroja.com.mx\/index.php?rest_route=\/wp\/v2\/posts\/47726","targetHints":{"allow":["GET"]}}],"collection":[{"href":"https:\/\/zonaroja.com.mx\/index.php?rest_route=\/wp\/v2\/posts"}],"about":[{"href":"https:\/\/zonaroja.com.mx\/index.php?rest_route=\/wp\/v2\/types\/post"}],"author":[{"embeddable":true,"href":"https:\/\/zonaroja.com.mx\/index.php?rest_route=\/wp\/v2\/users\/2"}],"replies":[{"embeddable":true,"href":"https:\/\/zonaroja.com.mx\/index.php?rest_route=%2Fwp%2Fv2%2Fcomments&post=47726"}],"version-history":[{"count":1,"href":"https:\/\/zonaroja.com.mx\/index.php?rest_route=\/wp\/v2\/posts\/47726\/revisions"}],"predecessor-version":[{"id":47727,"href":"https:\/\/zonaroja.com.mx\/index.php?rest_route=\/wp\/v2\/posts\/47726\/revisions\/47727"}],"wp:featuredmedia":[{"embeddable":true,"href":"https:\/\/zonaroja.com.mx\/index.php?rest_route=\/wp\/v2\/media\/47728"}],"wp:attachment":[{"href":"https:\/\/zonaroja.com.mx\/index.php?rest_route=%2Fwp%2Fv2%2Fmedia&parent=47726"}],"wp:term":[{"taxonomy":"category","embeddable":true,"href":"https:\/\/zonaroja.com.mx\/index.php?rest_route=%2Fwp%2Fv2%2Fcategories&post=47726"},{"taxonomy":"post_tag","embeddable":true,"href":"https:\/\/zonaroja.com.mx\/index.php?rest_route=%2Fwp%2Fv2%2Ftags&post=47726"}],"curies":[{"name":"wp","href":"https:\/\/api.w.org\/{rel}","templated":true}]}}