{"id":47730,"date":"2022-11-06T17:34:00","date_gmt":"2022-11-06T23:34:00","guid":{"rendered":"http:\/\/www.zonaroja.com.mx\/?p=47730"},"modified":"2022-11-06T17:34:02","modified_gmt":"2022-11-06T23:34:02","slug":"registra-oaxaca-dos-bloqueos-carreteros-este-domingo","status":"publish","type":"post","link":"https:\/\/zonaroja.com.mx\/?p=47730","title":{"rendered":"Registra Oaxaca dos bloqueos carreteros, este domingo"},"content":{"rendered":"\n<p>Redacci\u00f3n\/Zona Roja.<\/p>\n\n\n\n<p>Oaxaca de Ju\u00e1rez, Oax., a 6 de noviembre de 2022.- Ni en domingo hay descanso para las inconformidades en el estado de Oaxaca.<\/p>\n\n\n\n<p>Esta ma\u00f1ana se activ\u00f3 un bloqueo en la carretera federal 175 Oaxaca-Tuxtepec, a la altura del kil\u00f3metro 32, en jurisdicci\u00f3n de Santa Maria Jacatepec.<\/p>\n\n\n\n<p>Lo anterior por la disputa de unos predios que comprenden un manantial, por lo que el cierre de la vialidad se mantiene hasta el momento.<\/p>\n\n\n\n<p>Mientras que en la carretera federal 200 de la Costa, Salina Cruz-Pinotepa Nacional, a la altura del kil\u00f3metro 274, jurisdicci\u00f3n De Santiago Astata.<\/p>\n\n\n\n<p>Se trata de poblados de Zimat\u00e1n y otras localidades de ese municipio,  que este domingo exigen apoyos econ\u00f3micos para supuestos damnificados por el hurac\u00e1n \u00abAgatha\u00bb.<\/p>\n\n\n\n<p>Seg\u00fan los inconformes, el edil de Astata, Dorian Ric\u00e1rdez Medina, se niega a entregar al menos dos millones de pesos para afectados por el fen\u00f3meno natural que se present\u00f3 en <\/p>\n","protected":false},"excerpt":{"rendered":"<p>Redacci\u00f3n\/Zona Roja. Oaxaca de Ju\u00e1rez, Oax., a 6 de noviembre de 2022.- Ni en domingo&hellip;<\/p>\n","protected":false},"author":2,"featured_media":47731,"comment_status":"closed","ping_status":"open","sticky":false,"template":"","format":"standard","meta":{"_lmt_disableupdate":"","_lmt_disable":"","_jetpack_memberships_contains_paid_content":false,"footnotes":""},"categories":[109,47],"tags":[2264],"class_list":["post-47730","post","type-post","status-publish","format-standard","has-post-thumbnail","hentry","category-minuto-a-minuto","category-zona-gris","tag-bloqueos-y-protestas-oaxaca"],"jetpack_featured_media_url":"https:\/\/zonaroja.com.mx\/wp-content\/uploads\/2022\/11\/Bloqueo-Santiago-Astata.jpg","jetpack_sharing_enabled":true,"_links":{"self":[{"href":"https:\/\/zonaroja.com.mx\/index.php?rest_route=\/wp\/v2\/posts\/47730","targetHints":{"allow":["GET"]}}],"collection":[{"href":"https:\/\/zonaroja.com.mx\/index.php?rest_route=\/wp\/v2\/posts"}],"about":[{"href":"https:\/\/zonaroja.com.mx\/index.php?rest_route=\/wp\/v2\/types\/post"}],"author":[{"embeddable":true,"href":"https:\/\/zonaroja.com.mx\/index.php?rest_route=\/wp\/v2\/users\/2"}],"replies":[{"embeddable":true,"href":"https:\/\/zonaroja.com.mx\/index.php?rest_route=%2Fwp%2Fv2%2Fcomments&post=47730"}],"version-history":[{"count":1,"href":"https:\/\/zonaroja.com.mx\/index.php?rest_route=\/wp\/v2\/posts\/47730\/revisions"}],"predecessor-version":[{"id":47732,"href":"https:\/\/zonaroja.com.mx\/index.php?rest_route=\/wp\/v2\/posts\/47730\/revisions\/47732"}],"wp:featuredmedia":[{"embeddable":true,"href":"https:\/\/zonaroja.com.mx\/index.php?rest_route=\/wp\/v2\/media\/47731"}],"wp:attachment":[{"href":"https:\/\/zonaroja.com.mx\/index.php?rest_route=%2Fwp%2Fv2%2Fmedia&parent=47730"}],"wp:term":[{"taxonomy":"category","embeddable":true,"href":"https:\/\/zonaroja.com.mx\/index.php?rest_route=%2Fwp%2Fv2%2Fcategories&post=47730"},{"taxonomy":"post_tag","embeddable":true,"href":"https:\/\/zonaroja.com.mx\/index.php?rest_route=%2Fwp%2Fv2%2Ftags&post=47730"}],"curies":[{"name":"wp","href":"https:\/\/api.w.org\/{rel}","templated":true}]}}