{"id":47735,"date":"2022-11-07T06:39:58","date_gmt":"2022-11-07T12:39:58","guid":{"rendered":"http:\/\/www.zonaroja.com.mx\/?p=47735"},"modified":"2022-11-07T08:21:48","modified_gmt":"2022-11-07T14:21:48","slug":"opinion-alejandro-murat-salomon-jara-inicia-la-cuenta-regresiva","status":"publish","type":"post","link":"https:\/\/zonaroja.com.mx\/?p=47735","title":{"rendered":"Opini\u00f3n. Alejandro Murat-Salom\u00f3n Jara: inicia la cuenta regresiva"},"content":{"rendered":"\n<p>Ismael Garc\u00eda M.\/Zona Roja.<\/p>\n\n\n\n<p>Oaxaca de Ju\u00e1rez, Oax., a 7 de noviembre de 2022.- Precedida de una ola de violencia, con al menos dos cr\u00edmenes diarios,  m\u00faltiples protestas cotidianas, y ahora crisis de la basura, Oaxaca vivir\u00e1 intensos d\u00edas de lo que queda de noviembre.<\/p>\n\n\n\n<p>En menos de tres semanas asumir\u00e1 el poder el morenista Salom\u00f3n Jara Cruz y dejar\u00e1 el cargo el priista Alejandro Ismael Murat Hinojosa.<\/p>\n\n\n\n<p>Aunque pol\u00edticamente correcta la transici\u00f3n avanza, con recomendaciones del Presidente Andr\u00e9s Manuel L\u00f3pez Obrador, desde que el senador con licencia gan\u00f3 la contienda, se incrementaron los delitos, las marchas, la \u201ctoma\u201d violenta de oficinas y el surgimiento de un mayor n\u00famero de supuestas organizaciones sociales.<\/p>\n\n\n\n<p>Jara Cruz viene precedido de un triunfo claro pero no arrollador; m\u00e1s de la mitad de los cuatro millones de oaxaque\u00f1os no le dio su confianza, pero tampoco comulga con el PRI.<\/p>\n\n\n\n<p>Oaxaca volver\u00e1 as\u00ed al carril de la izquierda, tras el triunfo del aliancista Gabino Cu\u00e9 sobre el priista Ulises Ruiz y luego la recuperaci\u00f3n tricolor con Murat; ahora, Morena y grupos aliados \u2014entre ellos los priistas disfrazados del PVEM\u2014 se preparan para asumir el poder\u2026 sin cuadros propios ni mucho menos de amplia o respetable trayectoria pol\u00edtica.<\/p>\n\n\n\n<p>NUEVO ORDENAMIENTO<\/p>\n\n\n\n<p>Al Congreso del Estado se le acaba el tiempo y aprobar\u00eda en los pr\u00f3ximos d\u00edas \u2014o deber\u00eda aprobar\u2014 modificaciones a la Ley Org\u00e1nica del Poder Ejecutivo, para readecuar las secretar\u00edas y direcciones generales, acorde al nuevo plan de trabajo de Jara Cruz.<\/p>\n\n\n\n<p>As\u00ed, por ejemplo, conjuntar\u00eda la Secretar\u00eda de Econom\u00eda con la de Turismo; reducir\u00eda los alcances de la Secretar\u00eda de la Contralor\u00eda.<\/p>\n\n\n\n<p>Se prev\u00e9 tambi\u00e9n que recomponga el monstruo creado con la Consejer\u00eda Jur\u00eddica, que en el sexenio de Murat ha tenido a su cargo varios organismos, por cierto, todos relacionados con casos de despojos de predios, cono Catastro, Direcci\u00f3n de Notar\u00edas, Registro Civil y Registro P\u00fablico de la Propiedad.<\/p>\n\n\n\n<p>Acotar\u00eda al DIF, pues en la gesti\u00f3n de Ivette Mor\u00e1n de Murat, se volvi\u00f3 pr\u00e1cticamente una empresa constructora, con multimillonario presupuesto y cuya titular era m\u00e1s bien la responsable de vigilar la obra p\u00fablica que atender a los grupos vulnerables.<\/p>\n\n\n\n<p>Transformar\u00eda tambi\u00e9n el Instituto Estatal de Educaci\u00f3n P\u00fablica de Oaxaca, que se ha convertido en un ente extremadamente burocr\u00e1tico, para crear una secretar\u00eda estatal de educaci\u00f3n.<\/p>\n\n\n\n<p>No tendr\u00eda raz\u00f3n de ser, por ejemplo, Caminos y Aeropistas de Oaxaca, un organismo del que han fluido millonarios recursos p\u00fablicos que simplemente no se ven; tampoco la Comisi\u00f3n Estatal de la Vivienda, entre otros.<\/p>\n\n\n\n<p>Jara Cruz tiene una primera oportunidad para revertir situaciones burocr\u00e1ticas en la administraci\u00f3n p\u00fablica y \u2014como dice L\u00f3pez Obrador\u2014 levantar ese \u201celefante reum\u00e1tico\u201d para comience a caminar. Tiene la oportunidad tambi\u00e9n de cumplir en los hechos una aut\u00e9ntica austeridad administrativa en todos los rubros.<\/p>\n\n\n\n<p>Sin embargo, los tiempos legislativos se le vinieron encima y le quedan menos de tres semanas para los cambios a la Ley Org\u00e1nica.<\/p>\n\n\n\n<p>\u00bfLaura Estrada? La a\u00fan presidenta de la Junta de Coordinaci\u00f3n Pol\u00edtica se durmi\u00f3 en sus laureles y no previ\u00f3 las enmiendas necesarias para arrancar el pr\u00f3ximo sexenio; su prioridad ha sido lucirse en actos p\u00fablicos, aunque no tenga nada que presumir como diputada.<\/p>\n\n\n\n<p>LA REBATINGA<\/p>\n\n\n\n<p>Desde hace unas semanas hay dimes y diretes; estira y afloja, incluyendo patadas bajo la mesa, para lograr un cargo relevante en el gabinete legal y ampliado del gobierno que encabezar\u00e1 Jara.<\/p>\n\n\n\n<p>Hasta de H\u00e9ctor S\u00e1nchez se ha hablado para ocupar la Secretar\u00eda General de Gobierno, como si no fuera este pol\u00edtico y su hermana Gloria, uno de los principales promotores de protestas y cierres de vialidades en la regi\u00f3n del Istmo.<\/p>\n\n\n\n<p>Para manejar la pol\u00edtica interna se ha mencionado tambi\u00e9n a Jes\u00fas Romero L\u00f3pez, pero su compadrazgo y amistad con Ulises Ruiz Ortiz lo han llevado a ser objeto de se\u00f1alamientos en el equipo del gobernador electo.<\/p>\n\n\n\n<p>No se distingue tampoco por un trato de di\u00e1logo y de acuerdos pol\u00edticos para dirimir conflictos de todo tipo, pues recu\u00e9rdese que estuvo unos meses como delegado de la Secretar\u00eda de Gobernaci\u00f3n, donde no hizo absolutamente nada.<\/p>\n\n\n\n<p>Los enojos internos se elevan cuando se habla que los ex gobernadores Ulises Ruiz \u2014con Beatriz Rodr\u00edguez y otros\u2014 y Jos\u00e9 Murat pudieran imponer sus cuotas de funcionarios, habida cuenta que, presuntamente, contribuyeron al triunfo de Jara.&nbsp;<\/p>\n\n\n\n<p>Irritaci\u00f3n, por ejemplo, de la descalificaci\u00f3n morenista de Jos\u00e9 Antonio Rueda, que al no ser originario de Oaxaca, no podr\u00eda asumir un cargo, por una reciente reforma legal, que impide a fuere\u00f1os ser funcionarios; por cierto, fue tambi\u00e9n en el lapso de Laura Estrada como presidenta de la Junta de Coordinaci\u00f3n Pol\u00edtica.<\/p>\n\n\n\n<p>Nombres que se salvan hay pocos, como Antonino Morales, al que sit\u00faan en la Secretar\u00eda de las Infraestructuras, aunque podr\u00eda ir tambi\u00e9n a la Secretar\u00eda General.<\/p>\n\n\n\n<p>O el caso de Geovany V\u00e1squez Sagrero, que de podr\u00eda ser el Consejero Jur\u00eddico o asesor general del mandatario pr\u00f3ximo. Para Comunicaci\u00f3n Social, Jara no tiene cuadros y el joven que le ha apoyado, William Bautista, pues nada m\u00e1s ni tiene trato ni conoce al medio ni a los trabajadores de la comunicaci\u00f3n y mucho menos experiencia en estas lides period\u00edsticas.<\/p>\n\n\n\n<p>Por cierto, en esta \u00e1rea habr\u00e1 recortes presupuestales y pese a ello, se espera se privilegie a los medios locales, vilipendiados y menospreciados por Murat Hinojosa, al preferir \u00e9ste a los supuestos medios nacionales.<\/p>\n\n\n\n<p>Laura Estrada no ha dejado de salir en la foto pero s\u00f3lo busca una dependencia estatal como trampol\u00edn \u2014Secretar\u00eda de Administraci\u00f3n, se dice\u2014, pues pretende ser candidata a senadora, aunque no tiene las tablas pol\u00edticas suficientes y sus magros resultados en el Congreso no la respalda.<\/p>\n\n\n\n<p>Los nombres se barajan por doquier y hasta ahora no hay certeza de los nombres que ocupar\u00e1n los cargos; esta semana, se dice, Salom\u00f3n Jara dar\u00eda a conocer las primeras designaciones.<\/p>\n\n\n\n<p>EL INFORME<\/p>\n\n\n\n<p>Falta una semana tambi\u00e9n para que Alejandro Murat Hinojosa rinda su sexto informe de gobierno, pero en las \u00faltimas semanas se ha dedicado m\u00e1s a promover su imagen personal \u2014incluyendo su visita al Vaticano por una semana\u2014 que estar al pendiente de Oaxaca y atender sus graves problem\u00e1ticas.<\/p>\n\n\n\n<p>Cierra, como ya lo dijimos \u2014y a reserva de abundar en pr\u00f3ximas ocasiones\u2014 con fuertes complicaciones sociales, de inseguridad, de excesiva protesta social\u2026<\/p>\n\n\n\n<p>\u00bfLas obras? Muy escasas y las que inaugure ser\u00e1n \u00fanicamente las que se hicieron mediante un pr\u00e9stamo avalado por el Congreso, por tres mil 500 millones de pesos y que, por cierto, a tres semanas de terminar el sexenio, nada m\u00e1s no se concluyen.<\/p>\n\n\n\n<p>A Gabino Cu\u00e9 s\u00f3lo se le recuerda por un minipuente a desnivel, en Cinco Se\u00f1ores de la Capital, y por el Centro de Convenciones.&nbsp;<\/p>\n\n\n\n<p>Muy diferente a Ulises Ruiz y Jos\u00e9 Murat, que en sus respectivos sexenios impulsaron hospitales, universidades, vialidades modernas.<\/p>\n\n\n\n<p>Seguramente el argumento del actual gobernante ser\u00e1 los continuos desastres naturales, aunque el apoyo para los damnificados vino mayormente del gobierno federal.<\/p>\n\n\n\n<p>Est\u00e1 pendiente el homenaje que dijo el Presidente L\u00f3pez Obrador le har\u00eda, el pr\u00f3ximo 25 de noviembre, aunque ese mismo d\u00eda habr\u00eda una cumbre internacional en Huatulco. \u00bfEst\u00e1n contentos los oaxaque\u00f1os con el sexenio de Murat? Lo dudo. \u00bfLo respaldar\u00e1n en sus aspiraciones pol\u00edticas nacionales? Dif\u00edcil.<\/p>\n\n\n\n<p>Mientras tanto, huestes priistas y grupos sociales no cobijados por Jara, ya se preparan para dar el primer dolor de cabeza el 1 de diciembre, con m\u00faltiples bloqueos y protestas\u2026 para reiterarle la grave ingobernabilidad en Oaxaca.<\/p>\n","protected":false},"excerpt":{"rendered":"<p>Ismael Garc\u00eda M.\/Zona Roja. Oaxaca de Ju\u00e1rez, Oax., a 7 de noviembre de 2022.- Precedida&hellip;<\/p>\n","protected":false},"author":2,"featured_media":41735,"comment_status":"closed","ping_status":"open","sticky":false,"template":"","format":"standard","meta":{"_lmt_disableupdate":"","_lmt_disable":"","_jetpack_memberships_contains_paid_content":false,"footnotes":""},"categories":[456,109,48],"tags":[1353],"class_list":["post-47735","post","type-post","status-publish","format-standard","has-post-thumbnail","hentry","category-columna","category-minuto-a-minuto","category-zona-critica","tag-opinion-zona-critica"],"jetpack_featured_media_url":"https:\/\/zonaroja.com.mx\/wp-content\/uploads\/2022\/05\/Opinion-Ismael-Garcia-M.jpg","jetpack_sharing_enabled":true,"_links":{"self":[{"href":"https:\/\/zonaroja.com.mx\/index.php?rest_route=\/wp\/v2\/posts\/47735","targetHints":{"allow":["GET"]}}],"collection":[{"href":"https:\/\/zonaroja.com.mx\/index.php?rest_route=\/wp\/v2\/posts"}],"about":[{"href":"https:\/\/zonaroja.com.mx\/index.php?rest_route=\/wp\/v2\/types\/post"}],"author":[{"embeddable":true,"href":"https:\/\/zonaroja.com.mx\/index.php?rest_route=\/wp\/v2\/users\/2"}],"replies":[{"embeddable":true,"href":"https:\/\/zonaroja.com.mx\/index.php?rest_route=%2Fwp%2Fv2%2Fcomments&post=47735"}],"version-history":[{"count":2,"href":"https:\/\/zonaroja.com.mx\/index.php?rest_route=\/wp\/v2\/posts\/47735\/revisions"}],"predecessor-version":[{"id":47751,"href":"https:\/\/zonaroja.com.mx\/index.php?rest_route=\/wp\/v2\/posts\/47735\/revisions\/47751"}],"wp:featuredmedia":[{"embeddable":true,"href":"https:\/\/zonaroja.com.mx\/index.php?rest_route=\/wp\/v2\/media\/41735"}],"wp:attachment":[{"href":"https:\/\/zonaroja.com.mx\/index.php?rest_route=%2Fwp%2Fv2%2Fmedia&parent=47735"}],"wp:term":[{"taxonomy":"category","embeddable":true,"href":"https:\/\/zonaroja.com.mx\/index.php?rest_route=%2Fwp%2Fv2%2Fcategories&post=47735"},{"taxonomy":"post_tag","embeddable":true,"href":"https:\/\/zonaroja.com.mx\/index.php?rest_route=%2Fwp%2Fv2%2Ftags&post=47735"}],"curies":[{"name":"wp","href":"https:\/\/api.w.org\/{rel}","templated":true}]}}