{"id":4774,"date":"2019-10-12T20:35:04","date_gmt":"2019-10-13T01:35:04","guid":{"rendered":"http:\/\/www.zonaroja.com.mx\/?p=4774"},"modified":"2019-10-12T21:25:13","modified_gmt":"2019-10-13T02:25:13","slug":"sabado-rojo-cuatro-muertos-dos-en-tuxtepec-sede-del-crimen","status":"publish","type":"post","link":"https:\/\/zonaroja.com.mx\/?p=4774","title":{"rendered":"S\u00e1bado rojo: cuatro muertos, dos en Tuxtepec, sede del crimen"},"content":{"rendered":"\n<p>Redacci\u00f3n\/Zona Roja.<\/p>\n\n\n\n<p>Oaxaca de Ju\u00e1rez, Oax., 12 de octubre\nde 2019.- Al menos cuatro personas fueron asesinadas en Oaxaca el transcurso del\ns\u00e1bado, mientras l\u00edderes de partidos pol\u00edticos de al menos 29 pa\u00edses sesionaba\ncerca de la capital.<\/p>\n\n\n\n<p>Dos homicidios ocurrieron en San Juan Bautista Tuxtepec, donde el crimen organizado termin\u00f3 hoy la tregua, tras la visita de dos d\u00edas del gobernador Alejandro Murat Hinojosa y el secretario de Seguridad P\u00fablica, Ra\u00fal Ernesto Salcedo, entre otros mandos, quienes analizaron temas de seguridad, el martes y mi\u00e9rcoles.<\/p>\n\n\n\n<figure class=\"wp-block-embed-twitter wp-block-embed is-type-rich is-provider-twitter\"><div class=\"wp-block-embed__wrapper\">\n<div class=\"twitter-tweet\"><blockquote class=\"twitter-tweet\" data-lang=\"es\"><p lang=\"es\" dir=\"ltr\">En Tuxtepec, representantes del <a href=\"https:\/\/twitter.com\/GobiernoMX?ref_src=twsrc%5Etfw\">@GobiernoMX<\/a>, funcionarios del <a href=\"https:\/\/twitter.com\/GobOax?ref_src=twsrc%5Etfw\">@GobOax<\/a> y autoridades municipales, realizamos una reuni\u00f3n de seguridad para establecer acciones y operativos coordinados que fortalezcan la tranquilidad, el orden y la justicia en la regi\u00f3n. <a href=\"https:\/\/t.co\/ra4kfCZ9Zx\">pic.twitter.com\/ra4kfCZ9Zx<\/a><\/p>&mdash; Alejandro Murat (@alejandromurat) <a href=\"https:\/\/twitter.com\/alejandromurat\/status\/1181950454152011776?ref_src=twsrc%5Etfw\">9 de octubre de 2019<\/a><\/blockquote><\/div>\n<\/div><\/figure>\n\n\n\n<p>La tarde de hoy se suscit\u00f3 un\nenfrentamiento armado en Santiago Amoltepec, que arroj\u00f3 como resultado una\npersona fallecida, hasta ahora no identificada, y en el marco de la elecci\u00f3n de\nautoridades municipales por el r\u00e9gimen de Sistemas Normativos Internos.<\/p>\n\n\n\n<p>Seg\u00fan datos preliminares, no\nconfirmados de manera oficial, presuntamente Mario Hern\u00e1ndez Garc\u00eda, uno de los\ncandidatos a edil, dispar\u00f3 en contra de Evaristo Ria\u00f1o.<\/p>\n\n\n\n<p>Por otra parte, en San Juan Bautista Tuxtepec, la tarde de hoy fue localizado un cuerpo flotando en el r\u00edo \u201cTonto\u201d, a la altura de la comunidad Los Mangos. Hasta esta noche la v\u00edctima no ha sido identificada.<\/p>\n\n\n\n<figure class=\"wp-block-image\"><img decoding=\"async\" width=\"1024\" height=\"576\" src=\"http:\/\/www.zonaroja.com.mx\/wp-content\/uploads\/2019\/10\/asesinados-Tux-2-1024x576.jpg\" alt=\"\" class=\"wp-image-4775\" srcset=\"https:\/\/zonaroja.com.mx\/wp-content\/uploads\/2019\/10\/asesinados-Tux-2-1024x576.jpg 1024w, https:\/\/zonaroja.com.mx\/wp-content\/uploads\/2019\/10\/asesinados-Tux-2-300x169.jpg 300w, https:\/\/zonaroja.com.mx\/wp-content\/uploads\/2019\/10\/asesinados-Tux-2-768x432.jpg 768w, https:\/\/zonaroja.com.mx\/wp-content\/uploads\/2019\/10\/asesinados-Tux-2-1170x658.jpg 1170w, https:\/\/zonaroja.com.mx\/wp-content\/uploads\/2019\/10\/asesinados-Tux-2-585x329.jpg 585w, https:\/\/zonaroja.com.mx\/wp-content\/uploads\/2019\/10\/asesinados-Tux-2.jpg 1280w\" sizes=\"(max-width: 1024px) 100vw, 1024px\" \/><\/figure>\n\n\n\n<p>Horas antes, en la calle Mutualismo\ncasi esquina Nicol\u00e1s Bravo del centro de Tuxtepec, fue ejecutado a balazos un\ntrabajador de la Comisi\u00f3n Federal de Electricidad, conocido como David Mojica\nGamboa.<\/p>\n\n\n\n<p>Mientras tanto la madrugada de hoy fue\nasesinado un individuo en la agencia de Santa Rosa Panzacola, ciudad de Oaxaca.<\/p>\n\n\n\n<p>Los hechos sucedieron a un costado de\nla carretera federal 190, Oaxaca-M\u00e9xico, donde fue hallado el cuerpo de un\njoven de 20 a\u00f1os de edad, identificado como Jos\u00e9 Manuel, quien muri\u00f3 por\nlesiones producidas por arma blanca.<\/p>\n\n\n\n<p>El pasado mi\u00e9rcoles, el mandatario estatal y mandos de seguridad dieron una conferencia de prensa donde garantizaron que no dar\u00edan tregua al combate al crimen en dicha ciudad, gobernada por el edil Fernando Bautista D\u00e1vila, surgido del Partido Nueva Alianza.<\/p>\n\n\n\n<figure class=\"wp-block-image\"><img decoding=\"async\" width=\"768\" height=\"1024\" src=\"http:\/\/www.zonaroja.com.mx\/wp-content\/uploads\/2019\/10\/asesinados-Tux-3-768x1024.jpg\" alt=\"\" class=\"wp-image-4776\" srcset=\"https:\/\/zonaroja.com.mx\/wp-content\/uploads\/2019\/10\/asesinados-Tux-3-768x1024.jpg 768w, https:\/\/zonaroja.com.mx\/wp-content\/uploads\/2019\/10\/asesinados-Tux-3-225x300.jpg 225w, https:\/\/zonaroja.com.mx\/wp-content\/uploads\/2019\/10\/asesinados-Tux-3-585x780.jpg 585w, https:\/\/zonaroja.com.mx\/wp-content\/uploads\/2019\/10\/asesinados-Tux-3.jpg 960w\" sizes=\"(max-width: 768px) 100vw, 768px\" \/><\/figure>\n","protected":false},"excerpt":{"rendered":"<p>Redacci\u00f3n\/Zona Roja. Oaxaca de Ju\u00e1rez, Oax., 12 de octubre de 2019.- Al menos cuatro personas&hellip;<\/p>\n","protected":false},"author":2,"featured_media":4778,"comment_status":"closed","ping_status":"open","sticky":false,"template":"","format":"standard","meta":{"_lmt_disableupdate":"","_lmt_disable":"","_jetpack_memberships_contains_paid_content":false,"footnotes":""},"categories":[109,51],"tags":[118,860],"class_list":["post-4774","post","type-post","status-publish","format-standard","has-post-thumbnail","hentry","category-minuto-a-minuto","category-zona-roja","tag-san-juan-bautista-tuxtepec","tag-santiago-amoltepec"],"jetpack_featured_media_url":"https:\/\/zonaroja.com.mx\/wp-content\/uploads\/2019\/10\/img_7625.jpg","jetpack_sharing_enabled":true,"_links":{"self":[{"href":"https:\/\/zonaroja.com.mx\/index.php?rest_route=\/wp\/v2\/posts\/4774","targetHints":{"allow":["GET"]}}],"collection":[{"href":"https:\/\/zonaroja.com.mx\/index.php?rest_route=\/wp\/v2\/posts"}],"about":[{"href":"https:\/\/zonaroja.com.mx\/index.php?rest_route=\/wp\/v2\/types\/post"}],"author":[{"embeddable":true,"href":"https:\/\/zonaroja.com.mx\/index.php?rest_route=\/wp\/v2\/users\/2"}],"replies":[{"embeddable":true,"href":"https:\/\/zonaroja.com.mx\/index.php?rest_route=%2Fwp%2Fv2%2Fcomments&post=4774"}],"version-history":[{"count":1,"href":"https:\/\/zonaroja.com.mx\/index.php?rest_route=\/wp\/v2\/posts\/4774\/revisions"}],"predecessor-version":[{"id":4777,"href":"https:\/\/zonaroja.com.mx\/index.php?rest_route=\/wp\/v2\/posts\/4774\/revisions\/4777"}],"wp:featuredmedia":[{"embeddable":true,"href":"https:\/\/zonaroja.com.mx\/index.php?rest_route=\/wp\/v2\/media\/4778"}],"wp:attachment":[{"href":"https:\/\/zonaroja.com.mx\/index.php?rest_route=%2Fwp%2Fv2%2Fmedia&parent=4774"}],"wp:term":[{"taxonomy":"category","embeddable":true,"href":"https:\/\/zonaroja.com.mx\/index.php?rest_route=%2Fwp%2Fv2%2Fcategories&post=4774"},{"taxonomy":"post_tag","embeddable":true,"href":"https:\/\/zonaroja.com.mx\/index.php?rest_route=%2Fwp%2Fv2%2Ftags&post=4774"}],"curies":[{"name":"wp","href":"https:\/\/api.w.org\/{rel}","templated":true}]}}