{"id":47745,"date":"2022-11-08T09:57:00","date_gmt":"2022-11-08T15:57:00","guid":{"rendered":"http:\/\/www.zonaroja.com.mx\/?p=47745"},"modified":"2022-11-07T19:42:20","modified_gmt":"2022-11-08T01:42:20","slug":"nace-del-barro-cantante-oaxaquena-madai-real-lanza-su-primer-disco","status":"publish","type":"post","link":"https:\/\/zonaroja.com.mx\/?p=47745","title":{"rendered":"Nace del barro cantante oaxaque\u00f1a Madai Real; lanza su primer disco"},"content":{"rendered":"\n<p>Yuridiana Sosa\/ Zona Roja.<\/p>\n\n\n\n<p>Oaxaca de Ju\u00e1rez, Oax., 8 de noviembre de 2022.- \u201cDel barro al jazz\u201d es el primer material discogr\u00e1fico de Madai Real, una joven cantante originaria de San Bartolo Coyotepec, en los Valles Centrales de Oaxaca, zona en la que inici\u00f3 una gira de conciertos para presentar su nueva producci\u00f3n.<\/p>\n\n\n\n<p>Con 10 a\u00f1os de carrera \u2014iniciada a los 15 a\u00f1os de edad con participaciones en grupos y rondallas locales hasta llegar a ganar concursos nacionales\u2014 y estudios profesionales en jazz, Madai Real lanza su disco haciendo honor a su tierra natal, lugar de maestros artesanos del barro negro.<\/p>\n\n\n\n<p>\u201cDel barro al jazz\u201d contiene adaptaciones especiales de canciones del pueblo que hab\u00edan quedado en la tradici\u00f3n oral, pero que cuentan importantes momentos de la vida colectiva.<\/p>\n\n\n\n<p>El material se encuentra disponible en todas las plataformas digitales y en pr\u00f3ximos d\u00edas el disco tambi\u00e9n se vender\u00e1 de manara f\u00edsica; en tanto, la joven ha iniciado desde el pasado 26 de octubre y hasta el pr\u00f3ximo 13 de noviembre una gira por diferentes municipios de los Valles Centrales de Oaxaca.&nbsp;<\/p>\n\n\n\n<p>\u201cHan sido a\u00f1os de trabajo y doy gracias a Dios que me permite mostrarles lo que realmente soy, todo esto ha sido con el af\u00e1n de dar a conocer mi cultura y de donde vengo\u201d, expres\u00f3 la cantante en sus redes sociales.<\/p>\n\n\n\n<p>Madai explic\u00f3 que este material cuenta con diferentes g\u00e9neros musicales que a lo largo de su carrera musical ha interpretado, como lo son la balada, danzonete, swing , ritmos latinos , cumbia , y algunos colores de mariachi.<\/p>\n\n\n\n<p>\u201cSin duda alguna lo que hace especial a este disco es que al igual que el mismo proceso de la elaboraci\u00f3n artesanal del barro negro, el disco cuenta a trav\u00e9s del nombre y orden de las canciones los procesos de este arte, ya que los mismos t\u00edtulos de cada melod\u00eda llevan el nombre de cada paso del proceso de producci\u00f3n del barro negro de Coyotepec\u201d, detall\u00f3 con orgullo.<\/p>\n\n\n\n<p>En otra publicaci\u00f3n, Madai Real cuanta el significado de algunas canciones, como \u201cEl son de las cocineras\u201d, que es un tributo a las mujeres de la casa, no solo en Oaxaca, si no de todo M\u00e9xico; \u201cLa mina\u201d, que es una leyenda hecha canci\u00f3n, que inicia con recolectar el mineral de barro en la mina; \u201cA moldear\u201d, es una canci\u00f3n de desamor donde utiliza el t\u00e9rmino \u201cmoldear\u201d, ya que para todo artesano es destruir toda impureza en el barro, quitar todo lo que pueda estorbar, reiniciar de nuevo y crear una nueva pieza, como pasa en una ruptura amorosa.<\/p>\n\n\n\n<p>Otra canci\u00f3n es \u201cC\u00e1ntaro de Coyotepec\u201d, es la realizaci\u00f3n de esa pieza en crudo, lista para ser trabajada o bru\u00f1ida, por lo que Madai reconoce a esta canci\u00f3n como un himno del pueblo de San Bartolo Coyotepec, escrita por Samuel Mondrag\u00f3n .<\/p>\n\n\n\n<p>Madai Real resalta tambi\u00e9n la lucha de su pueblo por la defensa de la tierra, el agua y contra las invasiones o explotaci\u00f3n de sus recursos, para ello canta \u201cCalada y seca\u201d; \u201cNegreo mi dolor\u201d es una frase reconocida en San Bartolo Coyotepec, se refiere al sufrimiento que ser\u00eda dejar nuestra tierra natal y que al mismo tiempo refleja la alegr\u00eda y talento del pueblo.<\/p>\n\n\n\n<p>\u201cLa mariquita\u201d, que evoca la conquista espa\u00f1ola, va relatando cada uno de los caminos y parajes que conforman nuestro pueblo zapoteco San Bartolo Coyotepec, antiguamente llamado Zaapeche y conocido por la corona espa\u00f1ola como \u201cLa Antigua Republica de Indios de Coyotepec\u201d. Y \u201cCanci\u00f3n mixteca\u201d, el<\/p>\n\n\n\n<p>himno oaxaque\u00f1o dedicado a quienes se encuentran en otros pa\u00edses y que sue\u00f1an con regresar alg\u00fan d\u00eda a su tierra natal.<\/p>\n\n\n\n<p>PR\u00d3XIMOS CONCIERTOS<\/p>\n\n\n\n<p>El 6 de noviembre Madai Real se present\u00f3 en su tierra natal, San Bartolo Coyotepec y el 13 lo har\u00e1 en Zimatl\u00e1n de \u00c1lvarez.&nbsp;<\/p>\n\n\n\n<p>Las presentaciones son con acceso gratuito a las 19:00 horas.<\/p>\n\n\n\n<p>Madai Real tambi\u00e9n se present\u00f3 para promocionar su disco en la capital, y en Ocotl\u00e1n de Morelos.<\/p>\n","protected":false},"excerpt":{"rendered":"<p>Yuridiana Sosa\/ Zona Roja. Oaxaca de Ju\u00e1rez, Oax., 8 de noviembre de 2022.- \u201cDel barro&hellip;<\/p>\n","protected":false},"author":2,"featured_media":47746,"comment_status":"closed","ping_status":"open","sticky":false,"template":"","format":"standard","meta":{"_lmt_disableupdate":"","_lmt_disable":"","_jetpack_memberships_contains_paid_content":false,"footnotes":""},"categories":[109,46],"tags":[3306],"class_list":["post-47745","post","type-post","status-publish","format-standard","has-post-thumbnail","hentry","category-minuto-a-minuto","category-zona-blanca","tag-madai-real"],"jetpack_featured_media_url":"https:\/\/zonaroja.com.mx\/wp-content\/uploads\/2022\/11\/Madai-Real.jpg","jetpack_sharing_enabled":true,"_links":{"self":[{"href":"https:\/\/zonaroja.com.mx\/index.php?rest_route=\/wp\/v2\/posts\/47745","targetHints":{"allow":["GET"]}}],"collection":[{"href":"https:\/\/zonaroja.com.mx\/index.php?rest_route=\/wp\/v2\/posts"}],"about":[{"href":"https:\/\/zonaroja.com.mx\/index.php?rest_route=\/wp\/v2\/types\/post"}],"author":[{"embeddable":true,"href":"https:\/\/zonaroja.com.mx\/index.php?rest_route=\/wp\/v2\/users\/2"}],"replies":[{"embeddable":true,"href":"https:\/\/zonaroja.com.mx\/index.php?rest_route=%2Fwp%2Fv2%2Fcomments&post=47745"}],"version-history":[{"count":2,"href":"https:\/\/zonaroja.com.mx\/index.php?rest_route=\/wp\/v2\/posts\/47745\/revisions"}],"predecessor-version":[{"id":47764,"href":"https:\/\/zonaroja.com.mx\/index.php?rest_route=\/wp\/v2\/posts\/47745\/revisions\/47764"}],"wp:featuredmedia":[{"embeddable":true,"href":"https:\/\/zonaroja.com.mx\/index.php?rest_route=\/wp\/v2\/media\/47746"}],"wp:attachment":[{"href":"https:\/\/zonaroja.com.mx\/index.php?rest_route=%2Fwp%2Fv2%2Fmedia&parent=47745"}],"wp:term":[{"taxonomy":"category","embeddable":true,"href":"https:\/\/zonaroja.com.mx\/index.php?rest_route=%2Fwp%2Fv2%2Fcategories&post=47745"},{"taxonomy":"post_tag","embeddable":true,"href":"https:\/\/zonaroja.com.mx\/index.php?rest_route=%2Fwp%2Fv2%2Ftags&post=47745"}],"curies":[{"name":"wp","href":"https:\/\/api.w.org\/{rel}","templated":true}]}}