{"id":47752,"date":"2022-11-07T11:24:00","date_gmt":"2022-11-07T17:24:00","guid":{"rendered":"http:\/\/www.zonaroja.com.mx\/?p=47752"},"modified":"2022-11-07T08:24:49","modified_gmt":"2022-11-07T14:24:49","slug":"revelan-que-pena-nieto-ceno-con-integrante-de-un-cartel-de-la-droga","status":"publish","type":"post","link":"https:\/\/zonaroja.com.mx\/?p=47752","title":{"rendered":"Revelan que Pe\u00f1a Nieto cen\u00f3 con integrante de un c\u00e1rtel de la droga"},"content":{"rendered":"\n<p>Redacci\u00f3n\/Zona Roja Cdmx.<\/p>\n\n\n\n<p>Ciudad de M\u00e9xico, a 7 de noviembre de 2022.- Uno de los presuntos narcotraficantes del C\u00e1rtel de Sinaloa detenidos el pasado mayo en Espa\u00f1a revel\u00f3 que cen\u00f3 con el ex presidente de M\u00e9xico Enrique Pe\u00f1a Nieto, as\u00ed como que fue contactado por el embajador mexicano Quirino Ordaz Coppel, con el objetivo de llevar dinero al pa\u00eds ib\u00e9rico.<\/p>\n\n\n\n<p>Lo anterior lo dio a conocer este fin de semana el semanario \u201cProceso\u201d, medio que tuvo acceso a declaraciones judiciales relacionadas con la red de 24 personas&nbsp;que fueron detenidas en varias provincias espa\u00f1olas el pasado 17 de mayo, y a quienes se les aseguraron viviendas, fincas, bodegas, incaut\u00f3 drogas y armas.<\/p>\n\n\n\n<p>De acuerdo con el reportaje del periodista Alejandro Guti\u00e9rrez, Jes\u00fas Flores Ramo Pepe, uno de los integrantes del C\u00e1rtel de Sinaloa, inform\u00f3 al agente de la Polic\u00eda Nacional que cen\u00f3 con el expresidente del Partido Revolucionario Institucional (PRI), Pe\u00f1a Nieto, quien, de acuerdo con el diario El Pa\u00eds, vive desde hace dos a\u00f1os en la provincia de Madrid y planea radicarse permanentemente en Espa\u00f1a.<\/p>\n\n\n\n<p>El elemento de seguridad que realiz\u00f3 el operativo de captura indic\u00f3 el pasado 2 de junio que Flores Ramo tambi\u00e9n le revel\u00f3 que \u201cel que va a venir de embajador de M\u00e9xico a Espa\u00f1a\u201d se puso en contacto con \u00e9l, en referencia a Quirino Ordaz Coppel, quien tom\u00f3 el cargo en abril de este a\u00f1o.<\/p>\n\n\n\n<p>Al cuestionar el motivo del posible encuentro, el presunto narco dijo al polic\u00eda que&nbsp;\u201cpara traer dinero a Espa\u00f1a\u201d.<\/p>\n\n\n\n<p>\u201cDos d\u00edas despu\u00e9s de esta diligencia en la instrucci\u00f3n del caso, en la que el polic\u00eda particip\u00f3 por videoconferencia desde su reclusi\u00f3n en el Centro Penitenciario de Logro\u00f1o, el Cuerpo Nacional de Polic\u00eda anunci\u00f3 en un comunicado que, junto con la Agencia Tributaria, hab\u00eda desarticulado a esta \u2018organizaci\u00f3n criminal internacional dedicada al tr\u00e1fico de drogas vinculada con c\u00e1rteles mexicanos\u2019, que operaba en Espa\u00f1a desde 2020\u2033, se lee en el art\u00edculo.<\/p>\n\n\n\n<p>El semanario destac\u00f3 que en las declaraciones ante el juzgado, Pepe no hizo alusi\u00f3n a la supuesta cena con el ex mandatario mexicano ni al contacto con el embajador.<\/p>\n\n\n\n<p>RECHAZAN SE\u00d1ALAMIENTOS<\/p>\n\n\n\n<p>Tras ser revelado lo anterior, el periodista Alejandro Guti\u00e9rrez consult\u00f3 al embajador Quirino Ordaz sobre el supuesto contacto con el integrante del C\u00e1rtel de Sinaloa; fue a trav\u00e9s de un escrito en papel membretado y con su firma que el pol\u00edtico mexicano envi\u00f3 su respuesta al medio.<\/p>\n\n\n\n<p>De acuerdo con Guti\u00e9rrez, Ordaz aclar\u00f3 que \u201cno es real ese contacto\u201d con Jes\u00fas Flores Ramo, as\u00ed como que \u201cno he tenido contacto alguno con esa persona\u201d.<\/p>\n\n\n\n<p>\u201cNo consta en mi agenda previa a mi llegada a Madrid, ni como embajador, alg\u00fan contacto o comunicaci\u00f3n con ninguna de esas dos personas (Flores Ramo ni su padre, Jos\u00e9 de Jes\u00fas Flores Guti\u00e9rrez, otro de los detenidos por la polic\u00eda espa\u00f1ola)\u201d.<\/p>\n\n\n\n<p>Cabe recordar que el ex presidente priista, Enrique Pe\u00f1a Nieto, cuenta con tres carpetas de investigaci\u00f3n abiertas por la Fiscal\u00eda General de la Rep\u00fablica (FGR) en su contra sobre un presunto enriquecimiento il\u00edcito y lavado de dinero.<\/p>\n\n\n\n<p>Sin embargo, en entrevista para el diario \u201cEl Pa\u00eds\u201d, el mandatario mexicano de 2012 a 2018 calific\u00f3 como un \u201cabsurdo\u201d las investigaciones en su contra, y asegur\u00f3 que responder\u00e1 sobre el origen legal de su&nbsp;patrimonio en Espa\u00f1a.<\/p>\n\n\n\n<p>\u201cEs un absurdo. No he querido dar una respuesta medi\u00e1tica, pero estoy invariablemente atento a responder sobre el origen legal de mi patrimonio\u201d.<\/p>\n\n\n\n<p>Durante la charla con el medio, Pe\u00f1a Nieto indic\u00f3 que planea quedarse a residir permanentemente en Espa\u00f1a, mientras que seguir\u00e1 siendo residente legal al menos durante cinco a\u00f1os m\u00e1s, esto pese a que al finalizar su sexenio asegur\u00f3 que no se ir\u00eda de M\u00e9xico, pa\u00eds al que dijo amar \u201centra\u00f1ablemente\u201d.<\/p>\n\n\n\n<p>\u201cEstoy muy agradecido a este pa\u00eds por el trato que me ha dispensado, me va gustando mi vida aqu\u00ed. Me planteo residir en Espa\u00f1a de forma permanente y visitar ocasionalmente M\u00e9xico, que es mi patria y amo entra\u00f1ablemente\u201d, manifest\u00f3.<\/p>\n\n\n\n<p>(Informaci\u00f3n de Infobae M\u00e9xico)<\/p>\n","protected":false},"excerpt":{"rendered":"<p>Redacci\u00f3n\/Zona Roja Cdmx. Ciudad de M\u00e9xico, a 7 de noviembre de 2022.- Uno de los&hellip;<\/p>\n","protected":false},"author":2,"featured_media":43239,"comment_status":"closed","ping_status":"open","sticky":false,"template":"","format":"standard","meta":{"_lmt_disableupdate":"","_lmt_disable":"","_jetpack_memberships_contains_paid_content":false,"footnotes":""},"categories":[109,47],"tags":[822],"class_list":["post-47752","post","type-post","status-publish","format-standard","has-post-thumbnail","hentry","category-minuto-a-minuto","category-zona-gris","tag-enrique-pena-nieto"],"jetpack_featured_media_url":"https:\/\/zonaroja.com.mx\/wp-content\/uploads\/2022\/07\/img_8190.jpg","jetpack_sharing_enabled":true,"_links":{"self":[{"href":"https:\/\/zonaroja.com.mx\/index.php?rest_route=\/wp\/v2\/posts\/47752","targetHints":{"allow":["GET"]}}],"collection":[{"href":"https:\/\/zonaroja.com.mx\/index.php?rest_route=\/wp\/v2\/posts"}],"about":[{"href":"https:\/\/zonaroja.com.mx\/index.php?rest_route=\/wp\/v2\/types\/post"}],"author":[{"embeddable":true,"href":"https:\/\/zonaroja.com.mx\/index.php?rest_route=\/wp\/v2\/users\/2"}],"replies":[{"embeddable":true,"href":"https:\/\/zonaroja.com.mx\/index.php?rest_route=%2Fwp%2Fv2%2Fcomments&post=47752"}],"version-history":[{"count":1,"href":"https:\/\/zonaroja.com.mx\/index.php?rest_route=\/wp\/v2\/posts\/47752\/revisions"}],"predecessor-version":[{"id":47753,"href":"https:\/\/zonaroja.com.mx\/index.php?rest_route=\/wp\/v2\/posts\/47752\/revisions\/47753"}],"wp:featuredmedia":[{"embeddable":true,"href":"https:\/\/zonaroja.com.mx\/index.php?rest_route=\/wp\/v2\/media\/43239"}],"wp:attachment":[{"href":"https:\/\/zonaroja.com.mx\/index.php?rest_route=%2Fwp%2Fv2%2Fmedia&parent=47752"}],"wp:term":[{"taxonomy":"category","embeddable":true,"href":"https:\/\/zonaroja.com.mx\/index.php?rest_route=%2Fwp%2Fv2%2Fcategories&post=47752"},{"taxonomy":"post_tag","embeddable":true,"href":"https:\/\/zonaroja.com.mx\/index.php?rest_route=%2Fwp%2Fv2%2Ftags&post=47752"}],"curies":[{"name":"wp","href":"https:\/\/api.w.org\/{rel}","templated":true}]}}