{"id":47757,"date":"2022-11-07T16:04:27","date_gmt":"2022-11-07T22:04:27","guid":{"rendered":"http:\/\/www.zonaroja.com.mx\/?p=47757"},"modified":"2022-11-07T16:04:32","modified_gmt":"2022-11-07T22:04:32","slug":"ciudadanos-hacen-trabajo-de-ayuntamiento-pero-contratan-a-catem-agresor-de-periodistas","status":"publish","type":"post","link":"https:\/\/zonaroja.com.mx\/?p=47757","title":{"rendered":"Ciudadanos hacen trabajo de ayuntamiento\u2026 pero contratan a CATEM agresor de periodistas"},"content":{"rendered":"\n<p>Yuridiana Sosa\/Zona Roja.<\/p>\n\n\n\n<p>Oaxaca de Ju\u00e1rez, Oax., 7 de noviembre de 2022.- La crisis de la basura en Oaxaca de Ju\u00e1rez ahora gener\u00f3 hasta disputa entre grupos de trabajadores, del ayuntamiento y particulares, para su levantamiento, mientras que la autoridad municipal sigue sin acciones relevantes para enfrentar la problem\u00e1tica.<\/p>\n\n\n\n<p>Tras el hartazgo ante la apat\u00eda gubernamental, la peste y la creciente contaminaci\u00f3n, ciudadanos y comerciantes del Centro Hist\u00f3rico de Oaxaca limpiaron con recursos propios el tiradero de basura que trabajadores limpia de la capital crearon en el z\u00f3calo y Alameda de Le\u00f3n desde el viernes pasado.<\/p>\n\n\n\n<p>Sin soluci\u00f3n de parte de las autoridades municipales y estatales para resolver al menos el foco de infecci\u00f3n creado en la zona tur\u00edstica de capital por el Sindicato \u201c3 de Marzo\u201d, la sociedad civil se organiz\u00f3 para retirar los montones de basura en varios puntos de las plazas, mismos que crecieron durante el fin de semana al servir como basureros municipales.<\/p>\n\n\n\n<p>Junto con los montones de basura tambi\u00e9n se increment\u00f3 el hedor, por lo que el fin de semana vaciaron varios kilos de cal para tratar de mitigar el intenso olor y dar tiempo a una soluci\u00f3n del presidente Francisco Mart\u00ednez Neri y el gobierno saliente de Oaxaca, pero no lleg\u00f3.<\/p>\n\n\n\n<p>Por eso, a temprana hora de la ma\u00f1ana de este lunes, vecinos de la zona centro y comerciantes comenzaron el barrido y embolsado de la basura, misma que fue trasladada por la organizaci\u00f3n CATEM, a la que contrataron para realizar dicho servicio.<\/p>\n\n\n\n<figure class=\"wp-block-embed is-type-rich is-provider-twitter wp-block-embed-twitter\"><div class=\"wp-block-embed__wrapper\">\n<div class=\"twitter-tweet\"><blockquote class=\"twitter-tweet\" data-lang=\"es\"><p lang=\"es\" dir=\"ltr\">Durante la recolecci\u00f3n de basura en la Alameda de Le\u00f3n, de <a href=\"https:\/\/twitter.com\/hashtag\/Oaxaca?src=hash&amp;ref_src=twsrc%5Etfw\">#Oaxaca<\/a> capital, comerciantes denunciaron que la empresa Chocolate \u201cMayordomo\u201d genera mucha basura, con vasos desechables, e incluso la amonton\u00f3 en el parque, pero jam\u00e1s ayud\u00f3 a retirar los desechos ni cooper\u00f3 para ello. <a href=\"https:\/\/t.co\/oFG4DtrL4y\">pic.twitter.com\/oFG4DtrL4y<\/a><\/p>&mdash; Zona Roja Oaxaca (@ZonaRoja_Oaxaca) <a href=\"https:\/\/twitter.com\/ZonaRoja_Oaxaca\/status\/1589709676194967552?ref_src=twsrc%5Etfw\">7 de noviembre de 2022<\/a><\/blockquote><\/div>\n<\/div><\/figure>\n\n\n\n<p>Varias toneladas de basura fueron levantadas a mano y sin herramienta o equipo necesario para realizar dicha tarea en la esquina de Bustamante y Guerrero; Hidalgo y Valdivieso y la Alameda de Le\u00f3n.<\/p>\n\n\n\n<p>La basura, supuestamente, ser\u00e1 trasladada y vaciada fuera del municipio de Oaxaca de Ju\u00e1rez, en un espacio donde no cause da\u00f1os a terceros seg\u00fan el acuerdo de los contratantes con CATEM, se\u00f1al\u00f3 la presidenta del Comercio Establecido, Patricia Cuevas, quien por tanto descart\u00f3 que los desechos sean llevados a la ribera del r\u00edo \u201cAtoyac\u201d, en la zona del play\u00f3n.<\/p>\n\n\n\n<p>Pipas de agua tambi\u00e9n fueron comparadas para lavar con jab\u00f3n las zonas en las que estuvo la basura y tratar de mejorar la imagen del z\u00f3calo y Alameda de Le\u00f3n rodeados por restaurantes, principalmente.<\/p>\n\n\n\n<p>ENOJO DE SINDICATO<\/p>\n\n\n\n<p>La intervenci\u00f3n de la organizaci\u00f3n CATEM \u2014pese a ser contratada\u2014 caus\u00f3 la movilizaci\u00f3n y enojo de trabajadores del Sindicato \u201c3 de Marzo\u201d, del ayuntamiento de Oaxaca, quienes comenzaron por la disputa de la basura en el z\u00f3calo.<\/p>\n\n\n\n<p>Los sindicalizados reanudaron labores y arribaron al z\u00f3calo para levantar tambi\u00e9n basura en el interior de las jardineras del z\u00f3calo, sin embargo, reclamaron la presencia de CATEM, a lo que intervino el presidente del Comit\u00e9 de Vida Vecinal, Francisco Jorge S\u00e1nchez, para aclarar que se trata de un servicio particular contratado.<\/p>\n\n\n\n<p>Es este grupo de CATEM, liderados por Pablo Hern\u00e1ndez, los que depositan la basura en el play\u00f3n del \u201cAtoyac\u201d y los que agredieron recientemente a periodistas de la capital durante la cobertura de una conferencia de prensa en inmediaciones del lugar.<\/p>\n\n\n\n<figure class=\"wp-block-embed is-type-rich is-provider-twitter wp-block-embed-twitter\"><div class=\"wp-block-embed__wrapper\">\n<div class=\"twitter-tweet\"><blockquote class=\"twitter-tweet\" data-lang=\"es\"><p lang=\"es\" dir=\"ltr\"><a href=\"https:\/\/twitter.com\/hashtag\/ENVIVO?src=hash&amp;ref_src=twsrc%5Etfw\">#ENVIVO<\/a><br>Trabajadores del <a href=\"https:\/\/twitter.com\/MunicipioOaxaca?ref_src=twsrc%5Etfw\">@MunicipioOaxaca<\/a> reactivan limpieza tras acci\u00f3n de comerciantes, pero se confrontan con gente de CATEM, contratada por sociedad civil.<br>A este grupo lo dirige quien agredi\u00f3 a periodistas en la ribera del r\u00edo \u201cAtoyac\u201d.<br>Transmisi\u00f3n \ud83d\udc47<a href=\"https:\/\/t.co\/V2F9JDtCJv\">https:\/\/t.co\/V2F9JDtCJv<\/a> <a href=\"https:\/\/t.co\/Eenj5pPUim\">pic.twitter.com\/Eenj5pPUim<\/a><\/p>&mdash; Zona Roja Oaxaca (@ZonaRoja_Oaxaca) <a href=\"https:\/\/twitter.com\/ZonaRoja_Oaxaca\/status\/1589668149905207296?ref_src=twsrc%5Etfw\">7 de noviembre de 2022<\/a><\/blockquote><\/div>\n<\/div><\/figure>\n","protected":false},"excerpt":{"rendered":"<p>Yuridiana Sosa\/Zona Roja. Oaxaca de Ju\u00e1rez, Oax., 7 de noviembre de 2022.- La crisis de&hellip;<\/p>\n","protected":false},"author":2,"featured_media":47754,"comment_status":"closed","ping_status":"open","sticky":false,"template":"","format":"standard","meta":{"_lmt_disableupdate":"","_lmt_disable":"","_jetpack_memberships_contains_paid_content":false,"footnotes":""},"categories":[109,47],"tags":[148],"class_list":["post-47757","post","type-post","status-publish","format-standard","has-post-thumbnail","hentry","category-minuto-a-minuto","category-zona-gris","tag-oaxaca-de-juarez"],"jetpack_featured_media_url":"https:\/\/zonaroja.com.mx\/wp-content\/uploads\/2022\/11\/9f9d0fc6-60f1-428d-81f9-12c8a6c0b8e3.jpg","jetpack_sharing_enabled":true,"_links":{"self":[{"href":"https:\/\/zonaroja.com.mx\/index.php?rest_route=\/wp\/v2\/posts\/47757","targetHints":{"allow":["GET"]}}],"collection":[{"href":"https:\/\/zonaroja.com.mx\/index.php?rest_route=\/wp\/v2\/posts"}],"about":[{"href":"https:\/\/zonaroja.com.mx\/index.php?rest_route=\/wp\/v2\/types\/post"}],"author":[{"embeddable":true,"href":"https:\/\/zonaroja.com.mx\/index.php?rest_route=\/wp\/v2\/users\/2"}],"replies":[{"embeddable":true,"href":"https:\/\/zonaroja.com.mx\/index.php?rest_route=%2Fwp%2Fv2%2Fcomments&post=47757"}],"version-history":[{"count":1,"href":"https:\/\/zonaroja.com.mx\/index.php?rest_route=\/wp\/v2\/posts\/47757\/revisions"}],"predecessor-version":[{"id":47758,"href":"https:\/\/zonaroja.com.mx\/index.php?rest_route=\/wp\/v2\/posts\/47757\/revisions\/47758"}],"wp:featuredmedia":[{"embeddable":true,"href":"https:\/\/zonaroja.com.mx\/index.php?rest_route=\/wp\/v2\/media\/47754"}],"wp:attachment":[{"href":"https:\/\/zonaroja.com.mx\/index.php?rest_route=%2Fwp%2Fv2%2Fmedia&parent=47757"}],"wp:term":[{"taxonomy":"category","embeddable":true,"href":"https:\/\/zonaroja.com.mx\/index.php?rest_route=%2Fwp%2Fv2%2Fcategories&post=47757"},{"taxonomy":"post_tag","embeddable":true,"href":"https:\/\/zonaroja.com.mx\/index.php?rest_route=%2Fwp%2Fv2%2Ftags&post=47757"}],"curies":[{"name":"wp","href":"https:\/\/api.w.org\/{rel}","templated":true}]}}