{"id":47765,"date":"2022-11-07T20:16:21","date_gmt":"2022-11-08T02:16:21","guid":{"rendered":"http:\/\/www.zonaroja.com.mx\/?p=47765"},"modified":"2022-11-07T20:16:22","modified_gmt":"2022-11-08T02:16:22","slug":"neri-va-de-yerro-en-yerro-manda-basura-a-distrito-de-etla-y-causa-otro-conflicto","status":"publish","type":"post","link":"https:\/\/zonaroja.com.mx\/?p=47765","title":{"rendered":"Neri va de yerro en yerro; manda basura a distrito de Etla y causa otro conflicto"},"content":{"rendered":"\n<p>Yuridiana Sosa\/Zona Roja.<\/p>\n\n\n\n<p>Oaxaca de Ju\u00e1rez, Oax., 7 de noviembre de 2022.- Luego de tres d\u00edas de no atender la recolecci\u00f3n de basura que tiraron los propios trabajadores del ayuntamiento, el edil Francisco Mart\u00ednez Neri envi\u00f3 hoy al menos una decena de camiones con desechos a comunidades de Etla\u2026 pero s\u00f3lo caus\u00f3 un en\u00e9simo conflicto.<\/p>\n\n\n\n<p>La ma\u00f1ana de este lunes, despu\u00e9s que la sociedad civil levantara los desechos, el presidente municipal se reuni\u00f3 con la dirigencia del Sindicato \u201c3 de Marzo\u201d, con el que firm\u00f3 un acuerdo para terminar el paro de labores de los empleados de limpia y reanudar la recolecci\u00f3n, sin informar d\u00f3nde llevar\u00eda la basura.<\/p>\n\n\n\n<p>Despu\u00e9s del mediod\u00eda se rebel\u00f3 que al menos 10 camiones con residuos de todo tipo fueron llevados a San Sebasti\u00e1n, Etla, agencia de San Agust\u00edn.<\/p>\n\n\n\n<p>Ante ello, habitantes y autoridades estallaron contra el edil de Oaxaca de Ju\u00e1rez, por abuso de autoridad al intentar crear un tiradero clandestino en terrenos de de un particular sin autorizaci\u00f3n legal.<\/p>\n\n\n\n<p>Una decena de camiones recolectores de basura del ayuntamiento capitalino arribaron al paraje \u201cLa Coronita\u201d de San Sebasti\u00e1n para depositar los desechos del municipio de Oaxaca, a pesar de no contar con permisos de autoridades locales ni el aval de la asamblea comunitaria.<\/p>\n\n\n\n<p>La llegada de la flotilla \u2013manejada por el Sindicato \u201c3 de Marzo\u201d\u2014 caus\u00f3 la movilizaci\u00f3n enardecida de la poblaci\u00f3n de las localidades que colindan del valle eteco.<\/p>\n\n\n\n<p>El predio \u201clocalizado\u201d por el gobierno de Oaxaca de Ju\u00e1rez es de un particular que se identific\u00f3 como Carlos Borch y se ubica a pocos metros del Telebachillerato de San Sebasti\u00e1n y cerca de un pozo de agua potable.<\/p>\n\n\n\n<p>NADA SOBRE LA ASAMBLEA<\/p>\n\n\n\n<p>Minutos despu\u00e9s del arribo de las primeras unidades, una de ellas logrando vaciar su contenido, la comunidad detuvo la acci\u00f3n.<\/p>\n\n\n\n<p>El propietario del predio, quien en un primer momento puso resistencia y en la ofensiva contra los habitantes, trat\u00f3 de explicar la situaci\u00f3n al verse rodeado rebasado por el enojo colectivo.<\/p>\n\n\n\n<p>En ese lugar, supuestamente, s\u00f3lo ser\u00eda punto de transferencia de la basura para hacer la separaci\u00f3n entre los residuos org\u00e1nicos e inorg\u00e1nicos, estos \u00faltimos llevados de vuelta a otro lugar y ocupando los org\u00e1nicos para hacer composta en el lugar.<\/p>\n\n\n\n<figure class=\"wp-block-embed is-type-rich is-provider-twitter wp-block-embed-twitter\"><div class=\"wp-block-embed__wrapper\">\n<div class=\"twitter-tweet\"><blockquote class=\"twitter-tweet\" data-lang=\"es\"><p lang=\"es\" dir=\"ltr\"><a href=\"https:\/\/twitter.com\/hashtag\/%C3%9AltimoMinuto?src=hash&amp;ref_src=twsrc%5Etfw\">#\u00daltimoMinuto<\/a> <br>As\u00ed la discusi\u00f3n entre pobladores, un particular que prest\u00f3 un terreno en San Sebasti\u00e1n, Etla, para llenarlo de basura, y los nuevos l\u00edos que se generaron por la <a href=\"https:\/\/twitter.com\/hashtag\/CrisisDeLaBasura?src=hash&amp;ref_src=twsrc%5Etfw\">#CrisisDeLaBasura<\/a> en Oaxaca capital. <a href=\"https:\/\/t.co\/Vt4rrdkMg5\">pic.twitter.com\/Vt4rrdkMg5<\/a><\/p>&mdash; Zona Roja Oaxaca (@ZonaRoja_Oaxaca) <a href=\"https:\/\/twitter.com\/ZonaRoja_Oaxaca\/status\/1589760431157284865?ref_src=twsrc%5Etfw\">7 de noviembre de 2022<\/a><\/blockquote><\/div>\n<\/div><\/figure>\n\n\n\n<p>Sin embargo, el particular no contaba tampoco con ning\u00fan permiso de parte de la autoridad de San Sebasti\u00e1n ni de San Pablo, Etla; adem\u00e1s, que para hacer composta tampoco se hab\u00eda acondicionado el lugar, por lo que no le creyeron.<\/p>\n\n\n\n<p>Autoridades auxiliares y comisariados resaltaron que aunque se trata de un predio particular esta acci\u00f3n, que es de impacto ambiental, debe ser aprobada por la asamblea, pues se hace lo que el pueblo establezca.<\/p>\n\n\n\n<p>Mientras que alumnos y maestros de la escuela se manifestaron con cartulinas en rechazo al basurero.<\/p>\n\n\n\n<p>SENTENCIAN ABUSO<\/p>\n\n\n\n<p>Luego de varios minutos, a\u00fan sobre el paraje \u201cLa Coronita\u201d &nbsp;diversas autoridades del valle eteco, entre las que se sum\u00f3 Santiaguito y San Agust\u00edn, se reunieron para determinar acciones y sanciones por este abuso.<\/p>\n\n\n\n<p>El presidente de San Pablo Etla, Alfredo P\u00e9rez M\u00e9ndez, conden\u00f3 el abuso de su hom\u00f3logo Mart\u00ednez Neri, con quien ya se hab\u00eda reunido en anteriores ocasiones y le hab\u00eda expresado la negativa para abrir un basurero en su municipio.<\/p>\n\n\n\n<p>\u201cNos mete en un problema\u2026Que abuso de una autoridad sobre otra para querer venir a tirar la basura\u201d, expres\u00f3 el edil de San Pablo.<\/p>\n\n\n\n<p>La s\u00edndica municipal no pudo tomar la palabra ante el reclamo de las autoridades de Etla. \u201cEn nombre de San Agust\u00edn te voy a &nbsp;pedir de la manera m\u00e1s respetuosa que no vuelvas a intentar vulnerar la soberan\u00eda de nuestros municipios. Nosotros somos respetuosos del problema que tienes, que tenemos. Procuramos encontrar una soluci\u00f3n, con fundamento en la ley, que se respete la autonom\u00eda municipal y nos respetemos entre vecinos, entre ayuntamiento\u201d.<\/p>\n\n\n\n<p>En tanto que las autoridades comunitarias y la poblaci\u00f3n exigieron al gobierno municipal de San Pablo Etla la firma de una minuta de acuerdo para que no se atreviera Oaxaca de Ju\u00e1rez a depositar nuevamente la basura en ninguna de las localidades vecinas, as\u00ed como aplicar sanciones o multas al gobierno de Mart\u00ednez Neri y al particular por las acciones, consideradas delitos, cometidas por ambos contra la poblaci\u00f3n.<\/p>\n\n\n\n<p>Durante el desarrollo de los hechos, por un momento la poblaci\u00f3n advirti\u00f3 de la quema de camiones de basura si no se retiraban y levantaban la basura depositada.<\/p>\n\n\n\n<p>As\u00ed como cortar el suministro de agua potable a la capital si el edil de Oaxaca de Ju\u00e1rez&nbsp; no hac\u00eda presencia en el lugar del problema que \u00e9l mismo origin\u00f3. Hasta esta noche no hab\u00edan sido liberadas las unidades de motor y se analizaba el monto de las multas que se impondr\u00edan tanto al particular como al ayuntamiento de Oaxaca de Ju\u00e1rez.<\/p>\n","protected":false},"excerpt":{"rendered":"<p>Yuridiana Sosa\/Zona Roja. Oaxaca de Ju\u00e1rez, Oax., 7 de noviembre de 2022.- Luego de tres&hellip;<\/p>\n","protected":false},"author":2,"featured_media":47761,"comment_status":"closed","ping_status":"open","sticky":false,"template":"","format":"standard","meta":{"_lmt_disableupdate":"","_lmt_disable":"","_jetpack_memberships_contains_paid_content":false,"footnotes":""},"categories":[109,47],"tags":[2418],"class_list":["post-47765","post","type-post","status-publish","format-standard","has-post-thumbnail","hentry","category-minuto-a-minuto","category-zona-gris","tag-francisco-martinez-neri"],"jetpack_featured_media_url":"https:\/\/zonaroja.com.mx\/wp-content\/uploads\/2022\/11\/Carros-de-basura-San-Agustin-Etla.jpg","jetpack_sharing_enabled":true,"_links":{"self":[{"href":"https:\/\/zonaroja.com.mx\/index.php?rest_route=\/wp\/v2\/posts\/47765","targetHints":{"allow":["GET"]}}],"collection":[{"href":"https:\/\/zonaroja.com.mx\/index.php?rest_route=\/wp\/v2\/posts"}],"about":[{"href":"https:\/\/zonaroja.com.mx\/index.php?rest_route=\/wp\/v2\/types\/post"}],"author":[{"embeddable":true,"href":"https:\/\/zonaroja.com.mx\/index.php?rest_route=\/wp\/v2\/users\/2"}],"replies":[{"embeddable":true,"href":"https:\/\/zonaroja.com.mx\/index.php?rest_route=%2Fwp%2Fv2%2Fcomments&post=47765"}],"version-history":[{"count":1,"href":"https:\/\/zonaroja.com.mx\/index.php?rest_route=\/wp\/v2\/posts\/47765\/revisions"}],"predecessor-version":[{"id":47766,"href":"https:\/\/zonaroja.com.mx\/index.php?rest_route=\/wp\/v2\/posts\/47765\/revisions\/47766"}],"wp:featuredmedia":[{"embeddable":true,"href":"https:\/\/zonaroja.com.mx\/index.php?rest_route=\/wp\/v2\/media\/47761"}],"wp:attachment":[{"href":"https:\/\/zonaroja.com.mx\/index.php?rest_route=%2Fwp%2Fv2%2Fmedia&parent=47765"}],"wp:term":[{"taxonomy":"category","embeddable":true,"href":"https:\/\/zonaroja.com.mx\/index.php?rest_route=%2Fwp%2Fv2%2Fcategories&post=47765"},{"taxonomy":"post_tag","embeddable":true,"href":"https:\/\/zonaroja.com.mx\/index.php?rest_route=%2Fwp%2Fv2%2Ftags&post=47765"}],"curies":[{"name":"wp","href":"https:\/\/api.w.org\/{rel}","templated":true}]}}