{"id":47767,"date":"2022-11-07T20:37:07","date_gmt":"2022-11-08T02:37:07","guid":{"rendered":"http:\/\/www.zonaroja.com.mx\/?p=47767"},"modified":"2022-11-07T20:37:09","modified_gmt":"2022-11-08T02:37:09","slug":"oaxaquena-mariel-salazar-mejor-corredora-latinoamericana-en-mundial-de-tailandia","status":"publish","type":"post","link":"https:\/\/zonaroja.com.mx\/?p=47767","title":{"rendered":"Oaxaque\u00f1a Mariel Salazar, mejor corredora Latinoamericana en mundial de Tailandia"},"content":{"rendered":"\n<p>Yuridiana Sosa\/Zona Roja.<\/p>\n\n\n\n<p>Oaxaca de Ju\u00e1rez, Oax., 7 de noviembre de 2022.- La corredora oaxaque\u00f1a Mariel&nbsp;Salazar, logr\u00f3 colocarse como la mejor competidora juvenil de Latinoam\u00e9rica en el Campeonato Mundial de Monta\u00f1a de Tailandia, al lograr la onceava posici\u00f3n en la tabla general femenil.<\/p>\n\n\n\n<p>Este domingo, la originaria de Huajuapan de Le\u00f3n corri\u00f3 seis kil\u00f3metros junto a cientos de competidores m\u00e1s que participaron en la justa realizada en la ciudad de Chiang Mai, entre el 3 y 6 de noviembre.<\/p>\n\n\n\n<p>La seleccionada nacional, de 18 a\u00f1os de edad, puso en alto el nombre de Oaxaca y M\u00e9xico al cruzar la meta y cumplir su recorrido en 29:56 minutos, por encima de competidoras de Espa\u00f1a, Estados Unidos y Francia, convirti\u00e9ndose en la competidora juvenil m\u00e1s r\u00e1pida de Am\u00e9rica Latina.<\/p>\n\n\n\n<p>Mientras que las seleccionadas mexicanas Sonia Gonz\u00e1lez y Sof\u00eda Pe\u00f1a ganaron la posici\u00f3n 15, con 30:33 minutos y 17 con 31:23 minutos, respectivamente.<\/p>\n\n\n\n<p>El primero y segundo lugar de esta categor\u00eda fue para Gran Breta\u00f1a con 26:27 minutos y 27:45 minutos y el tercer lugar fue para Italia con una marca de 28:21 minutos.<\/p>\n\n\n\n<p>Mariel Salazar, ahora la mejor de M\u00e9xico, gan\u00f3 su pase a ese mundial tras ganar el Campeonato Nacional de Monta\u00f1a celebrado en septiembre en Jalisco.<\/p>\n\n\n\n<p>As\u00ed tambi\u00e9n, gan\u00f3 medalla de oro en los cinco mil metros planos en el Campeonato Nacional de Atletismo Sub 18 y Sub 20 convocado por la Federaci\u00f3n Mexicana de Asociaciones de Atletismo A.C.<\/p>\n\n\n\n<p>Pero su viaje a Tailandia fue posible con el apoyo de la sociedad civil que contribuy\u00f3 en las colectas y actividades realizadas para la recaudaci\u00f3n de fondos.<\/p>\n\n\n\n<p>El Club de Atletismo Legi\u00f3n Mixteca extendi\u00f3 sus felicitaciones a Salazar y a su entrenador Eduardo Barrag\u00e1n, tambi\u00e9n seleccionado nacional.<\/p>\n\n\n\n<p>LA CARRERA<\/p>\n\n\n\n<p>El Campeonato Mundial de Monta\u00f1a y Trail de Tailandia se ha posicionado como un importante encuentro de competidores a pesar que su primera edici\u00f3n fue en noviembre de 2021.<\/p>\n\n\n\n<p>Este segundo encuentro se desarrolla en conjunto con la asociaci\u00f3n entre la Asociaci\u00f3n Mundial de Carreras de Monta\u00f1a (WMRA), la Asociaci\u00f3n Internacional de Ultrarunners (IAU) y la Asociaci\u00f3n Internacional de Carreras de Trail (ITRA), y el apoyo de World Athletics.<\/p>\n","protected":false},"excerpt":{"rendered":"<p>Yuridiana Sosa\/Zona Roja. Oaxaca de Ju\u00e1rez, Oax., 7 de noviembre de 2022.- La corredora oaxaque\u00f1a&hellip;<\/p>\n","protected":false},"author":2,"featured_media":47768,"comment_status":"closed","ping_status":"open","sticky":false,"template":"","format":"standard","meta":{"_lmt_disableupdate":"","_lmt_disable":"","_jetpack_memberships_contains_paid_content":false,"footnotes":""},"categories":[109,46],"tags":[3301],"class_list":["post-47767","post","type-post","status-publish","format-standard","has-post-thumbnail","hentry","category-minuto-a-minuto","category-zona-blanca","tag-mariel-salazar-huajuapan"],"jetpack_featured_media_url":"https:\/\/zonaroja.com.mx\/wp-content\/uploads\/2022\/11\/Mariel-Salazar.jpg","jetpack_sharing_enabled":true,"_links":{"self":[{"href":"https:\/\/zonaroja.com.mx\/index.php?rest_route=\/wp\/v2\/posts\/47767","targetHints":{"allow":["GET"]}}],"collection":[{"href":"https:\/\/zonaroja.com.mx\/index.php?rest_route=\/wp\/v2\/posts"}],"about":[{"href":"https:\/\/zonaroja.com.mx\/index.php?rest_route=\/wp\/v2\/types\/post"}],"author":[{"embeddable":true,"href":"https:\/\/zonaroja.com.mx\/index.php?rest_route=\/wp\/v2\/users\/2"}],"replies":[{"embeddable":true,"href":"https:\/\/zonaroja.com.mx\/index.php?rest_route=%2Fwp%2Fv2%2Fcomments&post=47767"}],"version-history":[{"count":1,"href":"https:\/\/zonaroja.com.mx\/index.php?rest_route=\/wp\/v2\/posts\/47767\/revisions"}],"predecessor-version":[{"id":47769,"href":"https:\/\/zonaroja.com.mx\/index.php?rest_route=\/wp\/v2\/posts\/47767\/revisions\/47769"}],"wp:featuredmedia":[{"embeddable":true,"href":"https:\/\/zonaroja.com.mx\/index.php?rest_route=\/wp\/v2\/media\/47768"}],"wp:attachment":[{"href":"https:\/\/zonaroja.com.mx\/index.php?rest_route=%2Fwp%2Fv2%2Fmedia&parent=47767"}],"wp:term":[{"taxonomy":"category","embeddable":true,"href":"https:\/\/zonaroja.com.mx\/index.php?rest_route=%2Fwp%2Fv2%2Fcategories&post=47767"},{"taxonomy":"post_tag","embeddable":true,"href":"https:\/\/zonaroja.com.mx\/index.php?rest_route=%2Fwp%2Fv2%2Ftags&post=47767"}],"curies":[{"name":"wp","href":"https:\/\/api.w.org\/{rel}","templated":true}]}}