{"id":47770,"date":"2022-11-07T22:03:22","date_gmt":"2022-11-08T04:03:22","guid":{"rendered":"http:\/\/www.zonaroja.com.mx\/?p=47770"},"modified":"2022-11-07T22:03:24","modified_gmt":"2022-11-08T04:03:24","slug":"realiza-fiscalia-taller-para-garantizar-justicia-a-comunidad-muxe-y-lgbttti","status":"publish","type":"post","link":"https:\/\/zonaroja.com.mx\/?p=47770","title":{"rendered":"Realiza Fiscal\u00eda taller para garantizar justicia a comunidad Muxe y LGBTTTI"},"content":{"rendered":"\n<p>Redacci\u00f3n\/Zona Roja.<\/p>\n\n\n\n<p>Oaxaca de Ju\u00e1rez, Oax., 7 de noviembre de 2022.- La Fiscal\u00eda General del Estado de Oaxaca (FGEO), en colaboraci\u00f3n con el Proyecto \u201cTransform\u00e1ndome\u201d y La Fundaci\u00f3n Mexicana para la Planeaci\u00f3n Familiar A. C., llev\u00f3 a cabo el Taller Colaborativo \u201cConstruyendo Estrategias Claves para la Pol\u00edtica P\u00fablica de Atenci\u00f3n para la Justicia a la Comunidad Muxe y de la Diversidad Sexual y de G\u00e9nero de la regi\u00f3n del Istmo\u201d, realizado en el Centro de Justicia ubicado en el municipio de El Espinal.<\/p>\n\n\n\n<p>La actividad forma parte del seguimiento a las acciones Interinstitucionales emprendidas para enfrentar y erradicar la violencia en contra de la comunidad Muxe as\u00ed como L\u00e9sbico, Gay, Bisexual, Transg\u00e9nero, Transexual, Travesti e Intersexual (LGBTTTI) en esta regi\u00f3n de la entidad.<\/p>\n\n\n\n<p>El taller se llev\u00f3 a cabo el pasado 4 de noviembre del a\u00f1o en curso y entre sus actividades se present\u00f3 la finalidad del proyecto \u201cTransform\u00e1ndome\u201d, adem\u00e1s de que se realiz\u00f3 una auditor\u00eda conjunta sobre todos los casos de violencia, cr\u00edmenes no resueltos y el grado de afectaci\u00f3n que vive la comunidad Muxe y de la diversidad sexual, adem\u00e1s de las \u00e1reas de oportunidad para lograr justicia.&nbsp;<\/p>\n\n\n\n<p>Asimismo, la Vicefiscal Regional del Istmo, Liliana del Carmen Baroja Mart\u00ednez, y facilitadores de la FGEO presentaron el marco general de trabajo que la Vicefiscal\u00eda Regional del Istmo ha realizado en favor de la comunidad Muxe y la diversidad sexual y de g\u00e9nero en esta regi\u00f3n.&nbsp;<\/p>\n\n\n\n<p>En este evento estuvieron presentes la Vicefiscal Regional del Istmo; la Coordinadora Regional del Proyecto \u201cTransform\u00e1ndome\u201d Mexfam-Arcus, Amaranta G\u00f3mez Regalado; la Directora de la Cl\u00ednica Mexfam de Santiago Ixtaltepec, as\u00ed como coordinadoras y lideresas de los municipios de Santa Mar\u00eda Mixtequilla, Santiago Niltepec, Uni\u00f3n Hidalgo, Jalapa del Marqu\u00e9s, Asunci\u00f3n Ixtaltepec, Juchit\u00e1n de Zaragoza, Santo Domingo Tehuantepec, Santa Mar\u00eda Xadani y Santo Domingo Ingenio.<\/p>\n\n\n\n<p>Para la Fiscal\u00eda de Oaxaca es prioritario atender y hacer frente a los delitos, principalmente aquellos que vulneran los derechos humanos de la comunidad Muxe y LGBTTTI.<\/p>\n","protected":false},"excerpt":{"rendered":"<p>Redacci\u00f3n\/Zona Roja. Oaxaca de Ju\u00e1rez, Oax., 7 de noviembre de 2022.- La Fiscal\u00eda General del&hellip;<\/p>\n","protected":false},"author":2,"featured_media":47771,"comment_status":"closed","ping_status":"open","sticky":false,"template":"","format":"standard","meta":{"_lmt_disableupdate":"","_lmt_disable":"","_jetpack_memberships_contains_paid_content":false,"footnotes":""},"categories":[109,46],"tags":[494],"class_list":["post-47770","post","type-post","status-publish","format-standard","has-post-thumbnail","hentry","category-minuto-a-minuto","category-zona-blanca","tag-fiscalia-general-del-estado-de-oaxaca"],"jetpack_featured_media_url":"https:\/\/zonaroja.com.mx\/wp-content\/uploads\/2022\/11\/Capacitacion-Fiscalia-Oaxaca.jpeg","jetpack_sharing_enabled":true,"_links":{"self":[{"href":"https:\/\/zonaroja.com.mx\/index.php?rest_route=\/wp\/v2\/posts\/47770","targetHints":{"allow":["GET"]}}],"collection":[{"href":"https:\/\/zonaroja.com.mx\/index.php?rest_route=\/wp\/v2\/posts"}],"about":[{"href":"https:\/\/zonaroja.com.mx\/index.php?rest_route=\/wp\/v2\/types\/post"}],"author":[{"embeddable":true,"href":"https:\/\/zonaroja.com.mx\/index.php?rest_route=\/wp\/v2\/users\/2"}],"replies":[{"embeddable":true,"href":"https:\/\/zonaroja.com.mx\/index.php?rest_route=%2Fwp%2Fv2%2Fcomments&post=47770"}],"version-history":[{"count":1,"href":"https:\/\/zonaroja.com.mx\/index.php?rest_route=\/wp\/v2\/posts\/47770\/revisions"}],"predecessor-version":[{"id":47772,"href":"https:\/\/zonaroja.com.mx\/index.php?rest_route=\/wp\/v2\/posts\/47770\/revisions\/47772"}],"wp:featuredmedia":[{"embeddable":true,"href":"https:\/\/zonaroja.com.mx\/index.php?rest_route=\/wp\/v2\/media\/47771"}],"wp:attachment":[{"href":"https:\/\/zonaroja.com.mx\/index.php?rest_route=%2Fwp%2Fv2%2Fmedia&parent=47770"}],"wp:term":[{"taxonomy":"category","embeddable":true,"href":"https:\/\/zonaroja.com.mx\/index.php?rest_route=%2Fwp%2Fv2%2Fcategories&post=47770"},{"taxonomy":"post_tag","embeddable":true,"href":"https:\/\/zonaroja.com.mx\/index.php?rest_route=%2Fwp%2Fv2%2Ftags&post=47770"}],"curies":[{"name":"wp","href":"https:\/\/api.w.org\/{rel}","templated":true}]}}