{"id":47773,"date":"2022-11-08T18:53:00","date_gmt":"2022-11-09T00:53:00","guid":{"rendered":"http:\/\/www.zonaroja.com.mx\/?p=47773"},"modified":"2022-11-08T20:46:47","modified_gmt":"2022-11-09T02:46:47","slug":"rautel-habria-matado-a-su-amiga-ariadna-y-tirado-cuerpo-en-carretera","status":"publish","type":"post","link":"https:\/\/zonaroja.com.mx\/?p=47773","title":{"rendered":"Rautel habr\u00eda matado a su \u201camiga\u201d Ariadna y tirado cuerpo en carretera"},"content":{"rendered":"\n<p>Redacci\u00f3n\/Zona Roja Cdmx.<\/p>\n\n\n\n<p>Ciudad de M\u00e9xico, a 8 de noviembre de 2022.- El caso de Ariadna Fernanda L\u00f3pez D\u00edaz dio un vuelco, al revelarse que el individuo con el que convivi\u00f3, junto con otra joven, en un departamento de la Ciudad de M\u00e9xico, la habr\u00eda asesinado y despu\u00e9s llevado el cuerpo al estado de Morelos.<\/p>\n\n\n\n<p>De acuerdo con videos que dio a conocer el gobierno de la capital del pa\u00eds, Rautel N. sali\u00f3 cargando un cuerpo, ya tieso, de su vivienda hacia el estacionamiento, donde abord\u00f3 su camioneta y se enfil\u00f3 con rumbo a Morelos. Esta tarde le fue decretada la prisi\u00f3n preventiva.<\/p>\n\n\n\n<p>Ayer por la ma\u00f1ana, el probable feminicida se entreg\u00f3 con las autoridades ministeriales de Nuevo Le\u00f3n y por la noche fue trasladado a la capital del pa\u00eds; su novia, Vanessa N., tambi\u00e9n contin\u00faa detenida, acusada de encubrimiento del probable crimen.<\/p>\n\n\n\n<p>FISCAL DESCALIFICADO<\/p>\n\n\n\n<p>Como se ha informado, el pasado 30 de octubre, Ariadna lleg\u00f3 a un restaurante donde conviv\u00edan sus amigos, entre ellos Rautel y Vanesa; tras ello, seg\u00fan videos difundidos, se fueron al departamento de \u00e9ste, en la colonia Roma Norte, donde presuntamente estuvieron conviviendo.<\/p>\n\n\n\n<p>Al d\u00eda siguiente el cuerpo fue localizado en una carretera de Tepoztl\u00e1n, Morelos; la Fiscal\u00eda General de esa entidad dijo que de acuerdo con la autopsia realizada, muri\u00f3 por broncoaspiraci\u00f3n y se encontraba en completo estado de ebriedad.<\/p>\n\n\n\n<p>Ayer por la ma\u00f1ana, la jefa de Gobierno de la Ciudad de M\u00e9xico, Claudia Sheibaum, acus\u00f3 al fiscal de Morelos, Uriel Carmona, de mentir e intentar encubrir un probable feminicidio. Adem\u00e1s, de tener probables v\u00ednculos con Rautel N.<\/p>\n\n\n\n<p>Record\u00f3 que la fiscal\u00eda capitalina hizo otra necropsia en que determin\u00f3 que la joven muri\u00f3 por golpes.<\/p>\n\n\n\n<p>En tanto, la Fiscal\u00eda Anticorrupci\u00f3n de Morelos, anunci\u00f3 en redes sociales, que se ha iniciado una carpeta de investigaci\u00f3n de oficio por los posibles delitos en los que incurrieron funcionarios de la Fiscal\u00eda General de Morelos, en el caso del feminicidio de&nbsp;Ariadna Fernanda.<\/p>\n\n\n\n<p>Mientras tanto, ayer por la tarde familiares y amigos de Ardiadna Fernanda efectuaron una marcha en la capital del pa\u00eds, para exigir justicia por el probable feminicidio.<\/p>\n","protected":false},"excerpt":{"rendered":"<p>Redacci\u00f3n\/Zona Roja Cdmx. Ciudad de M\u00e9xico, a 8 de noviembre de 2022.- El caso de&hellip;<\/p>\n","protected":false},"author":2,"featured_media":47774,"comment_status":"closed","ping_status":"open","sticky":false,"template":"","format":"standard","meta":{"_lmt_disableupdate":"","_lmt_disable":"","_jetpack_memberships_contains_paid_content":false,"footnotes":""},"categories":[109,47],"tags":[3307],"class_list":["post-47773","post","type-post","status-publish","format-standard","has-post-thumbnail","hentry","category-minuto-a-minuto","category-zona-gris","tag-ariadna-fernanda-lopez-diaz"],"jetpack_featured_media_url":"https:\/\/zonaroja.com.mx\/wp-content\/uploads\/2022\/11\/Ariadna-Fernanda-Rautel-feminicidio.jpeg","jetpack_sharing_enabled":true,"_links":{"self":[{"href":"https:\/\/zonaroja.com.mx\/index.php?rest_route=\/wp\/v2\/posts\/47773","targetHints":{"allow":["GET"]}}],"collection":[{"href":"https:\/\/zonaroja.com.mx\/index.php?rest_route=\/wp\/v2\/posts"}],"about":[{"href":"https:\/\/zonaroja.com.mx\/index.php?rest_route=\/wp\/v2\/types\/post"}],"author":[{"embeddable":true,"href":"https:\/\/zonaroja.com.mx\/index.php?rest_route=\/wp\/v2\/users\/2"}],"replies":[{"embeddable":true,"href":"https:\/\/zonaroja.com.mx\/index.php?rest_route=%2Fwp%2Fv2%2Fcomments&post=47773"}],"version-history":[{"count":2,"href":"https:\/\/zonaroja.com.mx\/index.php?rest_route=\/wp\/v2\/posts\/47773\/revisions"}],"predecessor-version":[{"id":47802,"href":"https:\/\/zonaroja.com.mx\/index.php?rest_route=\/wp\/v2\/posts\/47773\/revisions\/47802"}],"wp:featuredmedia":[{"embeddable":true,"href":"https:\/\/zonaroja.com.mx\/index.php?rest_route=\/wp\/v2\/media\/47774"}],"wp:attachment":[{"href":"https:\/\/zonaroja.com.mx\/index.php?rest_route=%2Fwp%2Fv2%2Fmedia&parent=47773"}],"wp:term":[{"taxonomy":"category","embeddable":true,"href":"https:\/\/zonaroja.com.mx\/index.php?rest_route=%2Fwp%2Fv2%2Fcategories&post=47773"},{"taxonomy":"post_tag","embeddable":true,"href":"https:\/\/zonaroja.com.mx\/index.php?rest_route=%2Fwp%2Fv2%2Ftags&post=47773"}],"curies":[{"name":"wp","href":"https:\/\/api.w.org\/{rel}","templated":true}]}}