{"id":47776,"date":"2022-11-08T11:59:00","date_gmt":"2022-11-08T17:59:00","guid":{"rendered":"http:\/\/www.zonaroja.com.mx\/?p=47776"},"modified":"2022-11-08T15:21:13","modified_gmt":"2022-11-08T21:21:13","slug":"descartan-a-oaxaca-como-sede-de-la-cumbre-latinoamericana","status":"publish","type":"post","link":"https:\/\/zonaroja.com.mx\/?p=47776","title":{"rendered":"Descartan a Oaxaca como sede de la cumbre latinoamericana"},"content":{"rendered":"\n<p>Redacci\u00f3n\/Zona Roja Cdmx.<\/p>\n\n\n\n<p>Ciudad de M\u00e9xico, a 8 de noviembre de 2022.- El presidente Andr\u00e9s Manuel L\u00f3pez Obrador inform\u00f3 que la cumbre de la Alianza del Pac\u00edfico que se celebrar\u00e1 el pr\u00f3ximo 25 de noviembre, se realizar\u00e1 en la Ciudad de M\u00e9xico y no en Oaxaca, como se ten\u00eda previsto anteriormente.<\/p>\n\n\n\n<p>Durante la conferencia de prensa matutina de ayer, el jefe del Ejecutivo mexicano detall\u00f3 que por razones de \u201clog\u00edstica\u201d la reuni\u00f3n de presidentes de Am\u00e9rica Latina se realizar\u00e1 en la capital del pa\u00eds y confirm\u00f3 la visita de al menos cinco mandatarios sudamericanos.<\/p>\n\n\n\n<p>\u201cYa no va a ser en Oaxaca, va a ser en la Ciudad de M\u00e9xico, por cuestiones log\u00edsticas. El 23 viene el presidente Boric, el 24 el presidente Fern\u00e1ndez, estamos esperando una confirmaci\u00f3n del presidente electo Lula, viene el presidente de Ecuador, Per\u00fa y Colombia\u201d, anunci\u00f3 AMLO en Palacio Nacional.<\/p>\n\n\n\n<p>L\u00f3pez Obrador confirm\u00f3 la semana pasada que su hom\u00f3logo de Argentina, Alberto Fern\u00e1ndez, visitar\u00e1 el pa\u00eds el 24 de noviembre para tratar el tema de la integraci\u00f3n de Am\u00e9rica.<\/p>\n\n\n\n<p>El pasado lunes, L\u00f3pez Obrador sostuvo una llamada telef\u00f3nica con el mandatario electo brasile\u00f1o, Luiz In\u00e1cio Lula da Silva, para felicitarlo tras su triunfo en los comicios presidenciales del domingo y para invitarlo a que visite M\u00e9xico el 24 de noviembre.<\/p>\n\n\n\n<p>A la reuni\u00f3n de ese bloque comercial asistir\u00e1n adem\u00e1s de Boric; los presidentes de Per\u00fa, Pedro Castillo; de Colombia, Gustavo Petro; de Ecuador, Guillermo Lasso; de Costa Rica, Rodrigo Chaves, y estar\u00e1n como invitados el presidente de Argentina y posiblemente el brasile\u00f1o Lula Da Silva.<\/p>\n\n\n\n<p>Ser\u00e1 la tercera vez que ambos mandatarios se encuentran.<\/p>\n\n\n\n<p>Fern\u00e1ndez y L\u00f3pez Obrador se han mostrado cercanos desde noviembre de 2019, cuando el argentino visit\u00f3 como presidente electo a M\u00e9xico, su primer destino en el exterior.<\/p>\n\n\n\n<p>Despu\u00e9s, ya como jefe de Estado, Fern\u00e1ndez volvi\u00f3 en febrero de 2021 para pedir al presidente mexicano crear \u201cun eje latinoamericano\u201d.<\/p>\n\n\n\n<p>(Informaci\u00f3n de \u201cEl Financiero\u201d)<\/p>\n","protected":false},"excerpt":{"rendered":"<p>Redacci\u00f3n\/Zona Roja Cdmx. Ciudad de M\u00e9xico, a 8 de noviembre de 2022.- El presidente Andr\u00e9s&hellip;<\/p>\n","protected":false},"author":2,"featured_media":47778,"comment_status":"closed","ping_status":"open","sticky":false,"template":"","format":"standard","meta":{"_lmt_disableupdate":"","_lmt_disable":"","_jetpack_memberships_contains_paid_content":false,"footnotes":""},"categories":[109,47],"tags":[],"class_list":["post-47776","post","type-post","status-publish","format-standard","has-post-thumbnail","hentry","category-minuto-a-minuto","category-zona-gris"],"jetpack_featured_media_url":"https:\/\/zonaroja.com.mx\/wp-content\/uploads\/2022\/11\/Cumbre-Alianza-del-Pacifico.jpeg","jetpack_sharing_enabled":true,"_links":{"self":[{"href":"https:\/\/zonaroja.com.mx\/index.php?rest_route=\/wp\/v2\/posts\/47776","targetHints":{"allow":["GET"]}}],"collection":[{"href":"https:\/\/zonaroja.com.mx\/index.php?rest_route=\/wp\/v2\/posts"}],"about":[{"href":"https:\/\/zonaroja.com.mx\/index.php?rest_route=\/wp\/v2\/types\/post"}],"author":[{"embeddable":true,"href":"https:\/\/zonaroja.com.mx\/index.php?rest_route=\/wp\/v2\/users\/2"}],"replies":[{"embeddable":true,"href":"https:\/\/zonaroja.com.mx\/index.php?rest_route=%2Fwp%2Fv2%2Fcomments&post=47776"}],"version-history":[{"count":1,"href":"https:\/\/zonaroja.com.mx\/index.php?rest_route=\/wp\/v2\/posts\/47776\/revisions"}],"predecessor-version":[{"id":47779,"href":"https:\/\/zonaroja.com.mx\/index.php?rest_route=\/wp\/v2\/posts\/47776\/revisions\/47779"}],"wp:featuredmedia":[{"embeddable":true,"href":"https:\/\/zonaroja.com.mx\/index.php?rest_route=\/wp\/v2\/media\/47778"}],"wp:attachment":[{"href":"https:\/\/zonaroja.com.mx\/index.php?rest_route=%2Fwp%2Fv2%2Fmedia&parent=47776"}],"wp:term":[{"taxonomy":"category","embeddable":true,"href":"https:\/\/zonaroja.com.mx\/index.php?rest_route=%2Fwp%2Fv2%2Fcategories&post=47776"},{"taxonomy":"post_tag","embeddable":true,"href":"https:\/\/zonaroja.com.mx\/index.php?rest_route=%2Fwp%2Fv2%2Ftags&post=47776"}],"curies":[{"name":"wp","href":"https:\/\/api.w.org\/{rel}","templated":true}]}}