{"id":47780,"date":"2022-11-08T07:19:47","date_gmt":"2022-11-08T13:19:47","guid":{"rendered":"http:\/\/www.zonaroja.com.mx\/?p=47780"},"modified":"2022-11-08T07:19:48","modified_gmt":"2022-11-08T13:19:48","slug":"cantante-y-militante-de-morena-la-joven-asesinada-ayer-en-oaxaca","status":"publish","type":"post","link":"https:\/\/zonaroja.com.mx\/?p=47780","title":{"rendered":"Cantante y militante de Morena, la joven asesinada ayer en Oaxaca"},"content":{"rendered":"\n<p>Ismael Garc\u00eda M.\/Zona Roja.<\/p>\n\n\n\n<p>Oaxaca de Ju\u00e1rez, Oax., a 8 de octubre de 2022.- Como Jazm\u00edn Z. A., cantante y militante del Partido Morena, originaria de Cuil\u00e1pam de Guerrero, fue identificada la joven asesinada ayer en San Lorenzo Cacaotepec, Oaxaca.<\/p>\n\n\n\n<p>A trav\u00e9s de redes sociales, familiares, conocidos y militantes morenistas expresaron su indignaci\u00f3n por el crimen, as\u00ed como sus condolencias a los familiares y exigencias de justicia.<\/p>\n\n\n\n<p>\u201cEl equipo de Morena lamenta el terrible fallecimiento de una gran compa\u00f1era y amiga. Acompa\u00f1amos a su familia en estos momentos tan dif\u00edciles y condenamos la forma en que le arrebataron la vida\u201d, difundi\u00f3 ayer el partido en Cuil\u00e1pam.<\/p>\n\n\n\n<p>El cuerpo fue hallado ayer por la ma\u00f1ana en la calle Francisco I. Madero, por el paraje \u201cLa Barranca\u201d de Cacaotepec; presentaba m\u00faltiples lesiones, al parecer con arma blanca.<\/p>\n\n\n\n<p>La noche del domingo la joven cantante hab\u00eda ido a brindar un concierto a San Lorenzo Cacaotepec; tras ello presuntamente fue plagiada y asesinada.<\/p>\n\n\n\n<p>Tuvo su domicilio en el barrio San Juan de Cuil\u00e1pam y ejerc\u00eda su profesi\u00f3n de cantante, tras cursar estudios en el Centro de Educaci\u00f3n Art\u00edstica (Cedart).<\/p>\n\n\n\n<p>La Fiscal\u00eda General del Estado de Oaxaca inici\u00f3 las investigaciones bajo los protocolos de feminicidio, con peritos en distintas especialidades.<\/p>\n","protected":false},"excerpt":{"rendered":"<p>Ismael Garc\u00eda M.\/Zona Roja. Oaxaca de Ju\u00e1rez, Oax., a 8 de octubre de 2022.- Como&hellip;<\/p>\n","protected":false},"author":2,"featured_media":47781,"comment_status":"closed","ping_status":"open","sticky":false,"template":"","format":"standard","meta":{"_lmt_disableupdate":"","_lmt_disable":"","_jetpack_memberships_contains_paid_content":false,"footnotes":""},"categories":[109,51],"tags":[3308,846],"class_list":["post-47780","post","type-post","status-publish","format-standard","has-post-thumbnail","hentry","category-minuto-a-minuto","category-zona-roja","tag-jazmin-zarate-aquino","tag-san-lorenzo-cacaotepec"],"jetpack_featured_media_url":"https:\/\/zonaroja.com.mx\/wp-content\/uploads\/2022\/11\/Jazmin-Zarate-Aquino-asesinada-Cacaotepec.jpg","jetpack_sharing_enabled":true,"_links":{"self":[{"href":"https:\/\/zonaroja.com.mx\/index.php?rest_route=\/wp\/v2\/posts\/47780","targetHints":{"allow":["GET"]}}],"collection":[{"href":"https:\/\/zonaroja.com.mx\/index.php?rest_route=\/wp\/v2\/posts"}],"about":[{"href":"https:\/\/zonaroja.com.mx\/index.php?rest_route=\/wp\/v2\/types\/post"}],"author":[{"embeddable":true,"href":"https:\/\/zonaroja.com.mx\/index.php?rest_route=\/wp\/v2\/users\/2"}],"replies":[{"embeddable":true,"href":"https:\/\/zonaroja.com.mx\/index.php?rest_route=%2Fwp%2Fv2%2Fcomments&post=47780"}],"version-history":[{"count":1,"href":"https:\/\/zonaroja.com.mx\/index.php?rest_route=\/wp\/v2\/posts\/47780\/revisions"}],"predecessor-version":[{"id":47782,"href":"https:\/\/zonaroja.com.mx\/index.php?rest_route=\/wp\/v2\/posts\/47780\/revisions\/47782"}],"wp:featuredmedia":[{"embeddable":true,"href":"https:\/\/zonaroja.com.mx\/index.php?rest_route=\/wp\/v2\/media\/47781"}],"wp:attachment":[{"href":"https:\/\/zonaroja.com.mx\/index.php?rest_route=%2Fwp%2Fv2%2Fmedia&parent=47780"}],"wp:term":[{"taxonomy":"category","embeddable":true,"href":"https:\/\/zonaroja.com.mx\/index.php?rest_route=%2Fwp%2Fv2%2Fcategories&post=47780"},{"taxonomy":"post_tag","embeddable":true,"href":"https:\/\/zonaroja.com.mx\/index.php?rest_route=%2Fwp%2Fv2%2Ftags&post=47780"}],"curies":[{"name":"wp","href":"https:\/\/api.w.org\/{rel}","templated":true}]}}