{"id":47783,"date":"2022-11-08T09:00:00","date_gmt":"2022-11-08T15:00:00","guid":{"rendered":"http:\/\/www.zonaroja.com.mx\/?p=47783"},"modified":"2022-11-08T07:34:48","modified_gmt":"2022-11-08T13:34:48","slug":"eran-de-ecuador-migrantes-muertos-en-oaxaca-inm-apoyara-repatriacion","status":"publish","type":"post","link":"https:\/\/zonaroja.com.mx\/?p=47783","title":{"rendered":"Eran de Ecuador migrantes muertos en Oaxaca; INM apoyar\u00e1 repatriaci\u00f3n"},"content":{"rendered":"\n<p>Redacci\u00f3n\/Zona Roja.<\/p>\n\n\n\n<p>Oaxaca de Ju\u00e1rez, Oax., a 8 de noviembre de 2022.- Como originarios de Ecuador fueron identificadas las dos v\u00edctimas de un accidente carretero ocurrido ayer en la regi\u00f3n del Istmo de Tehuantepec.<\/p>\n\n\n\n<p>La Fiscal\u00eda General del Estado de Oaxaca inici\u00f3 la Carpeta de Investigaci\u00f3n 38362\/FIST\/FAMI-IXTEPEC\/2022 por el delito culposo, mientras que la Secretar\u00eda de Gobernaci\u00f3n inform\u00f3 que a trav\u00e9s del Instituto Nacional de Migraci\u00f3n (INM) apoyar\u00e1 la repatriaci\u00f3n de los cuerpos.<\/p>\n\n\n\n<p>El percance ocurri\u00f3 ayer en la supercarretera Salina Cruz-La Ventosa, en inmediaciones de Santa Mar\u00eda Mixtequilla, en que perdieron la vida Juan C. Q y Elizabeth Q. C.; hubo adem\u00e1s al menos tres personas lesionadas.<\/p>\n\n\n\n<p>En un comunicado, la Secretar\u00eda de Gobernaci\u00f3n inform\u00f3 que apoyar\u00e1 con los gastos para la repatriaci\u00f3n de los cuerpos del pap\u00e1 e hijo&nbsp;menor de edad&nbsp;de origen ecuatoriano que fallecieron&nbsp;en un incidente automovil\u00edstico.<\/p>\n\n\n\n<p>\u201cAdem\u00e1s, la&nbsp;autoridad migratoria entregar\u00e1 visas&nbsp;humanitarias&nbsp;a la mam\u00e1 y dos de sus hijos que resultaron lesionados y que se encuentran hospitalizados en la regi\u00f3n&nbsp;del Istmo de Tehuantepec, con la finalidad de&nbsp;garantizar los servicios m\u00e9dicos correspondientes.<\/p>\n\n\n\n<p>\u201cEl INM mantendr\u00e1 comunicaci\u00f3n y coordinaci\u00f3n con la representaci\u00f3n consular de Ecuador, con el prop\u00f3sito de coadyuvar en las tareas humanitarias conducentes ante esta tragedia.<\/p>\n\n\n\n<p>\u201cDe igual forma, se mantendr\u00e1 atento a la evoluci\u00f3n&nbsp;del estado de salud&nbsp;de las personas migrantes que viajaban en n\u00facleo familiar\u201d, expuso.<\/p>\n\n\n\n<p>Por su parte, la Fiscal\u00eda General de Oaxaca detall\u00f3 que dio inici\u00f3 la Carpeta de Investigaci\u00f3n 38362\/FIST\/FAMI-IXTEPEC\/2022 por el delito de homicidio culposo.&nbsp;<\/p>\n\n\n\n<p>\u201cEn cuanto tuvo conocimiento del hecho, la Vicefiscal\u00eda Regional del Istmo intervino y despleg\u00f3 a su personal multidisciplinario consistente en Agentes Estatales de Investigaci\u00f3n (AEI), peritos y Agentes del Ministerio P\u00fablico, quienes iniciaron las primeras diligencias y el levantamiento de los cuerpos en el lugar de los hechos, ubicado en inmediaciones del tramo carretero Tehuantepec \u2013 Ciudad Ixtepec.<\/p>\n\n\n\n<p>Los actos de investigaci\u00f3n preliminares permitieron la identificaci\u00f3n de los cuerpos, que corresponden a una persona del sexo masculino que en vida respondi\u00f3 al nombre de J. C. Q. Q. y de una adolescente del sexo femenino de 17 a\u00f1os de edad; asimismo, producto del accidente, otras tres personas (entre ellos dos menores de edad) resultaron heridas, por lo que reciben atenci\u00f3n m\u00e9dica especializada\u201d, expuso.<\/p>\n\n\n\n<p>Indic\u00f3 que d&nbsp;e forma inmediata, la FGEO entabl\u00f3 contacto con personal del Consulado de Ecuador en M\u00e9xico, a fin de hacer de su conocimiento este hecho y para informar a los familiares de las v\u00edctimas y con ello, se logre repatriarlas a su lugar de origen.<\/p>\n","protected":false},"excerpt":{"rendered":"<p>Redacci\u00f3n\/Zona Roja. Oaxaca de Ju\u00e1rez, Oax., a 8 de noviembre de 2022.- Como originarios de&hellip;<\/p>\n","protected":false},"author":2,"featured_media":47777,"comment_status":"closed","ping_status":"open","sticky":false,"template":"","format":"standard","meta":{"_lmt_disableupdate":"","_lmt_disable":"","_jetpack_memberships_contains_paid_content":false,"footnotes":""},"categories":[109,47],"tags":[],"class_list":["post-47783","post","type-post","status-publish","format-standard","has-post-thumbnail","hentry","category-minuto-a-minuto","category-zona-gris"],"jetpack_featured_media_url":"https:\/\/zonaroja.com.mx\/wp-content\/uploads\/2022\/11\/Muerte-migrantes-Istmo-Ecuador.jpeg","jetpack_sharing_enabled":true,"_links":{"self":[{"href":"https:\/\/zonaroja.com.mx\/index.php?rest_route=\/wp\/v2\/posts\/47783","targetHints":{"allow":["GET"]}}],"collection":[{"href":"https:\/\/zonaroja.com.mx\/index.php?rest_route=\/wp\/v2\/posts"}],"about":[{"href":"https:\/\/zonaroja.com.mx\/index.php?rest_route=\/wp\/v2\/types\/post"}],"author":[{"embeddable":true,"href":"https:\/\/zonaroja.com.mx\/index.php?rest_route=\/wp\/v2\/users\/2"}],"replies":[{"embeddable":true,"href":"https:\/\/zonaroja.com.mx\/index.php?rest_route=%2Fwp%2Fv2%2Fcomments&post=47783"}],"version-history":[{"count":1,"href":"https:\/\/zonaroja.com.mx\/index.php?rest_route=\/wp\/v2\/posts\/47783\/revisions"}],"predecessor-version":[{"id":47784,"href":"https:\/\/zonaroja.com.mx\/index.php?rest_route=\/wp\/v2\/posts\/47783\/revisions\/47784"}],"wp:featuredmedia":[{"embeddable":true,"href":"https:\/\/zonaroja.com.mx\/index.php?rest_route=\/wp\/v2\/media\/47777"}],"wp:attachment":[{"href":"https:\/\/zonaroja.com.mx\/index.php?rest_route=%2Fwp%2Fv2%2Fmedia&parent=47783"}],"wp:term":[{"taxonomy":"category","embeddable":true,"href":"https:\/\/zonaroja.com.mx\/index.php?rest_route=%2Fwp%2Fv2%2Fcategories&post=47783"},{"taxonomy":"post_tag","embeddable":true,"href":"https:\/\/zonaroja.com.mx\/index.php?rest_route=%2Fwp%2Fv2%2Ftags&post=47783"}],"curies":[{"name":"wp","href":"https:\/\/api.w.org\/{rel}","templated":true}]}}