{"id":47789,"date":"2022-11-08T08:21:01","date_gmt":"2022-11-08T14:21:01","guid":{"rendered":"http:\/\/www.zonaroja.com.mx\/?p=47789"},"modified":"2022-11-08T08:21:03","modified_gmt":"2022-11-08T14:21:03","slug":"sigue-retenida-sindica-de-oaxaca-de-juarez-en-valle-eteco-por-lio-de-basura","status":"publish","type":"post","link":"https:\/\/zonaroja.com.mx\/?p=47789","title":{"rendered":"Sigue retenida s\u00edndica de Oaxaca de Ju\u00e1rez en valle eteco, por l\u00edo de basura"},"content":{"rendered":"\n<p>Ismael Garc\u00eda M.\/Zona Roja.<\/p>\n\n\n\n<p>Oaxaca de Ju\u00e1rez, Oax., a 8 de noviembre de 2022.- La S\u00edndica del ayuntamiento de Oaxaca de Ju\u00e1rez, Nancy Mota Figueroa, contin\u00faa retenida en San Pablo, Etla, luego que camiones de basura de la capital intentaran tirar sus desechos ayer en esa demarcaci\u00f3n vecina.<\/p>\n\n\n\n<p>Para liberar las nueve unidades de motor as\u00ed como a la concejal, autoridades de San Pablo y localidades vecinas demandan el pago de m\u00e1s de cinco millones de pesos, bajo el argumento de la aplicaci\u00f3n de una multa.<\/p>\n\n\n\n<p>Fue ayer al mediod\u00eda en que, tras firmar un acuerdo con el edil Francisco Mart\u00ednez Neri y levantar su paro de labores, trabajadores del Sindicato \u201c3 de Marzo\u201d, iniciaron la recolecci\u00f3n de desechos en la ciudad de Oaxaca.\u00a0<\/p>\n\n\n\n<p>Pero los trasladaron a la agencia de San Sebasti\u00e1n, Etla, lo que fue detectado por vecinos de la zona, que retuvieron los camiones y trabajadores.<\/p>\n\n\n\n<p>Para mediar la situaci\u00f3n arrib\u00f3 ayer por la tarde la s\u00edndica Nancy Mota, quien explic\u00f3 que hubo un acuerdo con el ciudadano Karsh Luis Borch Mej\u00eda para depositar basura org\u00e1nica en su predio particular.<\/p>\n\n\n\n<p>Sin embargo, el edil de San Pablo, Etla, Alfonso P\u00e9rez M\u00e9ndez neg\u00f3 que haya permiso para ello ni en la cabecera municipal ni en la agencia de San Sebasti\u00e1n.<\/p>\n\n\n\n<p>Tras ello, alrededor de las 18:00 horas firmaron una minuta en que se determin\u00f3 una multa de 500 mil pesos al particular; as\u00ed como de cinco millones 100 mil pesos al ayuntamiento de Oaxaca de Ju\u00e1rez.<\/p>\n\n\n\n<figure class=\"wp-block-embed is-type-rich is-provider-twitter wp-block-embed-twitter\"><div class=\"wp-block-embed__wrapper\">\n<div class=\"twitter-tweet\"><blockquote class=\"twitter-tweet\" data-lang=\"es\"><p lang=\"es\" dir=\"ltr\"><a href=\"https:\/\/twitter.com\/hashtag\/%C3%9AltimoMinuto?src=hash&amp;ref_src=twsrc%5Etfw\">#\u00daltimoMinuto<\/a> <br>As\u00ed la discusi\u00f3n entre pobladores, un particular que prest\u00f3 un terreno en San Sebasti\u00e1n, Etla, para llenarlo de basura, y los nuevos l\u00edos que se generaron por la <a href=\"https:\/\/twitter.com\/hashtag\/CrisisDeLaBasura?src=hash&amp;ref_src=twsrc%5Etfw\">#CrisisDeLaBasura<\/a> en Oaxaca capital. <a href=\"https:\/\/t.co\/Vt4rrdkMg5\">pic.twitter.com\/Vt4rrdkMg5<\/a><\/p>&mdash; Zona Roja Oaxaca (@ZonaRoja_Oaxaca) <a href=\"https:\/\/twitter.com\/ZonaRoja_Oaxaca\/status\/1589760431157284865?ref_src=twsrc%5Etfw\">7 de noviembre de 2022<\/a><\/blockquote><\/div>\n<\/div><\/figure>\n","protected":false},"excerpt":{"rendered":"<p>Ismael Garc\u00eda M.\/Zona Roja. Oaxaca de Ju\u00e1rez, Oax., a 8 de noviembre de 2022.- La&hellip;<\/p>\n","protected":false},"author":2,"featured_media":47790,"comment_status":"closed","ping_status":"open","sticky":false,"template":"","format":"standard","meta":{"_lmt_disableupdate":"","_lmt_disable":"","_jetpack_memberships_contains_paid_content":false,"footnotes":""},"categories":[109,47],"tags":[],"class_list":["post-47789","post","type-post","status-publish","format-standard","has-post-thumbnail","hentry","category-minuto-a-minuto","category-zona-gris"],"jetpack_featured_media_url":"https:\/\/zonaroja.com.mx\/wp-content\/uploads\/2022\/11\/Caso-basura-ciudad-de-Oaxaca-Nancy-Mota.jpg","jetpack_sharing_enabled":true,"_links":{"self":[{"href":"https:\/\/zonaroja.com.mx\/index.php?rest_route=\/wp\/v2\/posts\/47789","targetHints":{"allow":["GET"]}}],"collection":[{"href":"https:\/\/zonaroja.com.mx\/index.php?rest_route=\/wp\/v2\/posts"}],"about":[{"href":"https:\/\/zonaroja.com.mx\/index.php?rest_route=\/wp\/v2\/types\/post"}],"author":[{"embeddable":true,"href":"https:\/\/zonaroja.com.mx\/index.php?rest_route=\/wp\/v2\/users\/2"}],"replies":[{"embeddable":true,"href":"https:\/\/zonaroja.com.mx\/index.php?rest_route=%2Fwp%2Fv2%2Fcomments&post=47789"}],"version-history":[{"count":1,"href":"https:\/\/zonaroja.com.mx\/index.php?rest_route=\/wp\/v2\/posts\/47789\/revisions"}],"predecessor-version":[{"id":47791,"href":"https:\/\/zonaroja.com.mx\/index.php?rest_route=\/wp\/v2\/posts\/47789\/revisions\/47791"}],"wp:featuredmedia":[{"embeddable":true,"href":"https:\/\/zonaroja.com.mx\/index.php?rest_route=\/wp\/v2\/media\/47790"}],"wp:attachment":[{"href":"https:\/\/zonaroja.com.mx\/index.php?rest_route=%2Fwp%2Fv2%2Fmedia&parent=47789"}],"wp:term":[{"taxonomy":"category","embeddable":true,"href":"https:\/\/zonaroja.com.mx\/index.php?rest_route=%2Fwp%2Fv2%2Fcategories&post=47789"},{"taxonomy":"post_tag","embeddable":true,"href":"https:\/\/zonaroja.com.mx\/index.php?rest_route=%2Fwp%2Fv2%2Ftags&post=47789"}],"curies":[{"name":"wp","href":"https:\/\/api.w.org\/{rel}","templated":true}]}}