{"id":4779,"date":"2019-10-13T07:28:00","date_gmt":"2019-10-13T12:28:00","guid":{"rendered":"http:\/\/www.zonaroja.com.mx\/?p=4779"},"modified":"2019-10-13T07:28:03","modified_gmt":"2019-10-13T12:28:03","slug":"resuelve-morena-con-violencia-elecciones-en-diversos-estados","status":"publish","type":"post","link":"https:\/\/zonaroja.com.mx\/?p=4779","title":{"rendered":"Resuelve Morena con violencia elecciones en diversos estados"},"content":{"rendered":"\n<p>Redacci\u00f3n\/Cdmx<\/p>\n\n\n\n<p>Ciudad de M\u00e9xico, 13 de octubre de 2019.-\nEl Partido Morena que gobierna a la mayor\u00eda de la poblaci\u00f3n en M\u00e9xico, celebr\u00f3\nelecciones distritales en diversas entidades del pa\u00eds, que derivaron en\nviolencia.<\/p>\n\n\n\n<p>En Jalisco, en el proceso para elegir a\nlos delegados al congreso que definir\u00e1 al pr\u00f3ximo l\u00edder nacional, se suscitaron\ndos ataques armados en las internas de Guadalajara y Zapopan dejaron un saldo\nde seis heridos, dos de ellos graves.<\/p>\n\n\n\n<p>Seg\u00f9n un recuento del diario \u201cExcelsior\u201d,\n<\/p>\n\n\n\n<p>En el primer caso, un grupo de sujetos\nlleg\u00f3 a la asamblea para golpear a cachazos a los asistentes. Al salir\ndispararon contra varias personas. En el segundo, sujetos armados pretendieron\nrobar equipo de c\u00f3mputo y documentos, pero un centenar de militantes opuso\nresistencia, por lo que los agresores les dispararon al huir. <\/p>\n\n\n\n<p>Los primeros hechos armados sucedieron\nen el cruce de la calle Puerto Melaque y Monte Himalaya, colonia Postes Cuates,\nmunicipio de Guadalajara, en donde una decena de sujetos a bordo de dos\nveh\u00edculos llegaron golpeando a cachazos a varios de los asistentes.<\/p>\n\n\n\n<p>Al salir realizaron varios disparos e\nhirieron a una persona en la cabeza y dejaron otros lesionados leves.<\/p>\n\n\n\n<p>M\u00e1s tarde en un sal\u00f3n de eventos\nlocalizado sobre la calzada Independencia Norte con la calle Volc\u00e1n Antuco, en\nla colonia Panor\u00e1mica de Huentit\u00e1n, sujetos armados pretendieron robar equipo\nde c\u00f3mputo y diversos documentos, s\u00f3lo que enfrentaron resistencia por parte de\ncasi un centenar de militantes que ah\u00ed se encontraban.<\/p>\n\n\n\n<p>Al huir del lugar en auto realizaron\ndiversos disparos, hiriendo a cuatro personas que ah\u00ed se hallaban. Tambi\u00e9n se\nreportaron ataques violentos en Tequila y Puerto Vallarta.<\/p>\n\n\n\n<p>Ante los hechos de violencia en\nGuadalajara y Zapopan, el partido emiti\u00f3 un comunicado para exigir a las\nautoridades de Jalisco esclarecer el caso y castigar a los responsables.<\/p>\n\n\n\n<p>En Ahome, Sinaloa, se suspendi\u00f3 el\nproceso porque el l\u00edder municipal de Morena fue amagado con una pistola.<\/p>\n\n\n\n<p>Tambi\u00e9n en G\u00f3mez Palacio, Durango, la\nasamblea del distrito 2 tuvo que ser suspendida ante quejas por boletas\nclonadas y tardanza en el registro de los participantes. <\/p>\n\n\n\n<p>En Ciudad Ju\u00e1rez hubo connatos de\nviolencia luego de que a un centenar de personas se les neg\u00f3 el acceso a la\nasamblea por intentar ingresar a la fuerza.<\/p>\n\n\n\n<p>En Xalapa, Veracruz, militantes de\nMorena reclamaron haber sido rasurados del padr\u00f3n partidista.<\/p>\n\n\n\n<p>Carlos Lomel\u00ed, cercano a la dirigente\nYeidckol Polevnsky, afirm\u00f3 en Twitter:<\/p>\n\n\n\n<p>\u201cNo se vale el uso de la provocaci\u00f3n y\nla violencia que documentaremos con fotograf\u00edas y videos. En Jalisco y en\nM\u00e9xico nos urge la paz y la tranquilidad\u201d.<\/p>\n\n\n\n<p>El dirigente de Morena en Jalisco, Hugo\nRodr\u00edguez, lament\u00f3 en un comunicado de prensa que grupos opositores hayan\nintentado \u201cdesestabilizar los procesos democr\u00e1ticos de nuestro instituto\npol\u00edtico; estos hechos buscan da\u00f1ar la imagen de nuestro partido y, al\ndificultar la participaci\u00f3n, pretenden entorpecer los procesos de elecci\u00f3n de\nnuestros representantes de distrito\u201d.<\/p>\n\n\n\n<p>\u201cSe llevaron equipos de c\u00f3mputo,\nlistados nominales, urnas y boletas donde se elegir\u00eda a los delegados que\nrepresentar\u00edan a Jalisco en la renovaci\u00f3n de nuestra dirigencia nacional\u201d,\na\u00f1adi\u00f3.<\/p>\n","protected":false},"excerpt":{"rendered":"<p>Redacci\u00f3n\/Cdmx Ciudad de M\u00e9xico, 13 de octubre de 2019.- El Partido Morena que gobierna a&hellip;<\/p>\n","protected":false},"author":2,"featured_media":4780,"comment_status":"closed","ping_status":"open","sticky":false,"template":"","format":"standard","meta":{"_lmt_disableupdate":"","_lmt_disable":"","_jetpack_memberships_contains_paid_content":false,"footnotes":""},"categories":[109,47],"tags":[582],"class_list":["post-4779","post","type-post","status-publish","format-standard","has-post-thumbnail","hentry","category-minuto-a-minuto","category-zona-gris","tag-partido-morena"],"jetpack_featured_media_url":"https:\/\/zonaroja.com.mx\/wp-content\/uploads\/2019\/10\/Morena-bandera-2.jpg","jetpack_sharing_enabled":true,"_links":{"self":[{"href":"https:\/\/zonaroja.com.mx\/index.php?rest_route=\/wp\/v2\/posts\/4779","targetHints":{"allow":["GET"]}}],"collection":[{"href":"https:\/\/zonaroja.com.mx\/index.php?rest_route=\/wp\/v2\/posts"}],"about":[{"href":"https:\/\/zonaroja.com.mx\/index.php?rest_route=\/wp\/v2\/types\/post"}],"author":[{"embeddable":true,"href":"https:\/\/zonaroja.com.mx\/index.php?rest_route=\/wp\/v2\/users\/2"}],"replies":[{"embeddable":true,"href":"https:\/\/zonaroja.com.mx\/index.php?rest_route=%2Fwp%2Fv2%2Fcomments&post=4779"}],"version-history":[{"count":1,"href":"https:\/\/zonaroja.com.mx\/index.php?rest_route=\/wp\/v2\/posts\/4779\/revisions"}],"predecessor-version":[{"id":4781,"href":"https:\/\/zonaroja.com.mx\/index.php?rest_route=\/wp\/v2\/posts\/4779\/revisions\/4781"}],"wp:featuredmedia":[{"embeddable":true,"href":"https:\/\/zonaroja.com.mx\/index.php?rest_route=\/wp\/v2\/media\/4780"}],"wp:attachment":[{"href":"https:\/\/zonaroja.com.mx\/index.php?rest_route=%2Fwp%2Fv2%2Fmedia&parent=4779"}],"wp:term":[{"taxonomy":"category","embeddable":true,"href":"https:\/\/zonaroja.com.mx\/index.php?rest_route=%2Fwp%2Fv2%2Fcategories&post=4779"},{"taxonomy":"post_tag","embeddable":true,"href":"https:\/\/zonaroja.com.mx\/index.php?rest_route=%2Fwp%2Fv2%2Ftags&post=4779"}],"curies":[{"name":"wp","href":"https:\/\/api.w.org\/{rel}","templated":true}]}}