{"id":47792,"date":"2022-11-08T16:04:09","date_gmt":"2022-11-08T22:04:09","guid":{"rendered":"http:\/\/www.zonaroja.com.mx\/?p=47792"},"modified":"2022-11-08T16:04:11","modified_gmt":"2022-11-08T22:04:11","slug":"presenta-jara-cruz-proximo-gabinete-con-nuevas-secretarias-sin-modificar-ley","status":"publish","type":"post","link":"https:\/\/zonaroja.com.mx\/?p=47792","title":{"rendered":"Presenta Jara Cruz pr\u00f3ximo gabinete con nuevas secretar\u00edas\u2026 sin modificar ley"},"content":{"rendered":"\n<p>Yuridiana Sosa\/Zona Roja.<\/p>\n\n\n\n<p>Oaxaca de Ju\u00e1rez, Oax., 8 de noviembre de 2022.- Son modificarse a\u00fan la Ley Org\u00e1nica del Poder Ejecutivo, el pr\u00f3ximo gobernador de Oaxaca, Salom\u00f3n Jara Cruz, anunci\u00f3 las primeras designaciones con nuevas secretar\u00edas de Estado.<\/p>\n\n\n\n<p>A 22 d\u00edas de iniciar su mandato, en un conferencia de prensa en que se margin\u00f3 a la prensa y no se permitieron preguntas, el morenista inform\u00f3 que presentar\u00e1 apenas ante el Congreso del Estado una iniciativa de reforma a la ley referida.<\/p>\n\n\n\n<p>Mientras que el resto de los nuevos funcionarios y parte del gabinete ampliado ser\u00e1n presentados el pr\u00f3ximo domingo, anunci\u00f3 desde el Centro Cultural y de Convenciones de Oaxaca, y agreg\u00f3 que se garantizar\u00e1 la paridad de g\u00e9nero en ambos niveles del gabinete.<\/p>\n\n\n\n<p>Salom\u00f3n Jara reiter\u00f3 que el modelo de su gabinete ser\u00e1 austero, eficiente y cercano a las comunidades; \u201cSeremos gobierno de territorio y no de escritorio, honesto, transparente y con amor al estado\u201d, puntualiz\u00f3.<\/p>\n\n\n\n<p>EL GABINETE<\/p>\n\n\n\n<p>En lo que ser\u00e1 la Secretar\u00eda de Gobierno \u2014hasta ahora Secretar\u00eda General de Gobierno\u2014 estar\u00e1 Jes\u00fas Romero L\u00f3pez, ex perredista y vinculado a una estrecha relaci\u00f3n con el ex gobernador Ulises Ruiz Ortiz.<\/p>\n\n\n\n<p>En mayo de 2020 fue designado como delegado de la Secretar\u00eda de Gobernaci\u00f3n en Oaxaca. Ha sido diputado plurinominal por el PRD y Morena.<\/p>\n\n\n\n<p>En su trayectoria destaca su activismo desde las organizaciones sociales como la Coalici\u00f3n Obrera Campesina y Estudiantil del Istmo (COCE); l\u00edder de la Uni\u00f3n Campesina Oaxaque\u00f1a (UCO). Fundador y Dirigente del Frente de Organizaciones Sociales, Campesinas, Urbana, Pesqueras y de Transporte (FOSCUPT) y de la Organizaci\u00f3n Civil Juntos Resolvamos.<\/p>\n\n\n\n<p>As\u00ed como fue ex precandidato del partido Morena a la presidencia municipal de Oaxaca de Ju\u00e1rez para el proceso 2021.<\/p>\n\n\n\n<p>Otra nuevo nombre, la Secretar\u00eda de Bienestar, Tequio e Inclusi\u00f3n ser\u00e1 dirigida por Laura Estrada Mauro, cirujano dentista de profesi\u00f3n, quien ayer dej\u00f3 el cargo de legisladora local.<\/p>\n\n\n\n<p>Fue diputada local por el Distrito 2 de Tuxtepec en dos ocasiones consecutivas, en el periodo de 2018-2021 y 2021-2024 en ambos ocup\u00f3 la presidencia de la Junta de Coordinaci\u00f3n Pol\u00edtica del Congreso del Estado.<\/p>\n\n\n\n<p>Este 7 de noviembre Estrada Mauro pidi\u00f3 licencia para desocupar la Jucopo. Tambi\u00e9n fue Coordinadora del Grupo Parlamentario del Partido Morena.<\/p>\n\n\n\n<p>Su trayectoria pol\u00edtica comenz\u00f3 en 2012 con Protagonista del Cambio Verdadero y Representante General en la Campa\u00f1a Electoral 2012; desde 2015 es Consejera Distrital de Morena.En 2016 particip\u00f3 por primera vez como candidata a la diputaci\u00f3n local por el Distrito 2 de Tuxtepec por el Partido Morena, pero no gan\u00f3 ; en 2018 vuelve a competir por mismo cargo en Morena, logrando el triunfo y repiti\u00e9ndolo en 2020.<\/p>\n\n\n\n<figure class=\"wp-block-embed is-type-rich is-provider-twitter wp-block-embed-twitter\"><div class=\"wp-block-embed__wrapper\">\n<div class=\"twitter-tweet\"><blockquote class=\"twitter-tweet\" data-lang=\"es\"><p lang=\"es\" dir=\"ltr\">Santa Luc\u00eda del Camino, Oax.. a 8 de noviembre de 2022.- El gobernador electo de Oaxaca, Salom\u00f3n Jara Cruz presenta su gabinete, a 22 d\u00edas de asumir la titularidad del Poder Ejecutivo.<br><br>Transmisi\u00f3n \ud83d\udc47<a href=\"https:\/\/t.co\/kzEuWr94EB\">https:\/\/t.co\/kzEuWr94EB<\/a> <a href=\"https:\/\/t.co\/52ok3qZfRs\">pic.twitter.com\/52ok3qZfRs<\/a><\/p>&mdash; Zona Roja Oaxaca (@ZonaRoja_Oaxaca) <a href=\"https:\/\/twitter.com\/ZonaRoja_Oaxaca\/status\/1590060764781768706?ref_src=twsrc%5Etfw\">8 de noviembre de 2022<\/a><\/blockquote><\/div>\n<\/div><\/figure>\n\n\n\n<p>De la Secretar\u00eda de Administraci\u00f3n ser\u00e1 titular Antonino Morales Toledo, quien tambi\u00e9n form\u00f3 parte de la Comisi\u00f3n de Entrega-Recepci\u00f3n del Gobierno electo.<\/p>\n\n\n\n<p>Ha fungido como dirigente estatal del Frente Unido de Comunidades Oaxaque\u00f1as (FUCO) y presidente de la Fundaci\u00f3n Nino Morales Toledo.<\/p>\n\n\n\n<p>Fue diputado federal en la LXIII Legislatura por el PRD, por el Distrito de Tehuantepec, pero desde hace m\u00e1s de una d\u00e9cada es parte de Morena, partido por el que fue dos veces presidente municipal de San Blas Atempa, finalizando en 2020.<\/p>\n\n\n\n<p>En la Secretar\u00eda del Trabajo \u2014dependencia que revivi\u00f3 y que hab\u00eda existido en el sexenio de Gabino Cu\u00e9\u2014 nombr\u00f3 a Edith Araceli Santib\u00e1\u00f1ez Boh\u00f3rquez, quien se ha desempe\u00f1ado como abogada de organizaciones sociales y secretaria de asuntos jur\u00eddicos de la Secci\u00f3n 22 del SNTE en la que participa desde hace m\u00e1s de 20 a\u00f1os.<\/p>\n\n\n\n<p>Ha encabezado m\u00faltiples protestas tambi\u00e9n como activista, en apoyo a los comuneros de Tilzapote, e incluso en una ocasi\u00f3n cerr\u00f3 la carretera para impedir el paso de la caravana que acompa\u00f1a al Presidente Andr\u00e9s Manuel L\u00f3pez Obrador.<\/p>\n\n\n\n<p>Otra nueva \u00e1rea, la Secretar\u00eda Jur\u00eddica y Asistencia Legal estar\u00e1 a cargo de Geovany V\u00e1squez Sagrero, quien durante el proceso electoral pasado fue representante de Morena ante el Instituto Estatal Electoral y de Participaci\u00f3n Ciudadana de Oaxaca (IEEPCO), y gan\u00f3 la defensa de su candidatura ante las denuncias por otros integrantes de Morena.<\/p>\n\n\n\n<p>Es maestro en Administraci\u00f3n Jur\u00eddica, Derecho Pol\u00edtico, Catedr\u00e1tico y abogado litigante.<\/p>\n\n\n\n<p>Jara Cruz nombr\u00f3 adem\u00e1s al empresario Ra\u00fal Ruiz Robles como el titular de la Secretar\u00eda de Desarrollo Econ\u00f3mico; en el proceso electoral fungi\u00f3 como enlace empresarial en la campa\u00f1a del candidato a gobernador Salom\u00f3n Jara Cruz.<\/p>\n\n\n\n<p>Es parte del sector empresarial desde hace 32 a\u00f1os y ha sido representante del sector desde las c\u00e1maras nacionales en Oaxaca como la Coparmex y Canacintra.<\/p>\n\n\n\n<p>La Secretar\u00eda de Turismo estar\u00e1 a cargo Saymi Pineda Velasco; presidenta de&nbsp;San Pedro Pochutla para el periodo 2019-2021 y reelecta para la administraci\u00f3n 2022-2024.<\/p>\n\n\n\n<p>La pol\u00e9mica presidenta por Morena no cuenta con mayor trayectoria en la pol\u00edtica, pero se ha desempe\u00f1ado en la Comisi\u00f3n Nacional de \u00c1reas Protegidas de la Semarnat, en el Parque Nacional de Huatulco y en el Programa de las Naciones Unidas para el Desarrollo en el Centro Mexicano de la Tortuga.<\/p>\n\n\n\n<p>Para la Secretar\u00eda de Fomento Agroalimentario y Desarrollo Rural (antes Sedapa), se design\u00f3 a V\u00edctor L\u00f3pez Leyva, ex director en la Sedapa Oaxaca y ex asesor del gobierno de Zacatecas en temas de desarrollo social.<\/p>\n\n\n\n<p>Es profesionista de agronom\u00eda y se ha desempe\u00f1ado como facilitador comunitario del programa federal \u201cSembrando vida\u201d en la mixteca, de donde es originario.&nbsp;<\/p>\n\n\n\n<p>En una de las secretar\u00edas m\u00e1s importantes, como es Finanzas, Jara Cruz nombr\u00f3 como titular a Farid Acevedo L\u00f3pez, quien funge como presidente municipal de San Pablo Huitzo, para el periodo 2022-2024.<\/p>\n\n\n\n<p>Se ha desempe\u00f1ado en el \u00e1mbito acad\u00e9mico como catedr\u00e1tico, asesor general y Secretario del Consejo T\u00e9cnico de la UABJO.es Doctorante de Ciencias de lo Fiscal y Maestro en Fiscal, as\u00ed como en el \u00e1mbito p\u00fablico y privado ha sido Asesor Fiscal de Gobiernos y Empresas, fundador y director general de una firma especializada en Asesor\u00eda Contable, Financiera, Auditor\u00eda y Fiscal.<\/p>\n\n\n\n<p>Como nueva secretar\u00eda, se dio a conocer la de Educaci\u00f3n P\u00fablica, sin desaparecer al IEEPO. Para esta se nombr\u00f3 a &nbsp;ex diputada de Morena en dos ocasiones, en el Congreso Federal y Local. Ex presidenta municipal de Santiago Jamiltepec.<\/p>\n\n\n\n<p>Es Licenciada en Ciencias de la Educaci\u00f3n. Fue presidenta municipal de Santiago Jamiltepec y dos veces diputada: en el Congreso Federal y&nbsp; en la C\u00e1mara Local.<\/p>\n\n\n\n<p>En la Secretar\u00eda de las Mujeres (Secretar\u00eda de la Mujer Oaxaque\u00f1a \u2013SMO) se nombr\u00f3 a Elisa Zepeda Lagunas, ex diputada local de Morena y ex presidenta de Eloxochitl\u00e1n de Flores Mag\u00f3n.<\/p>\n\n\n\n<p>Su participaci\u00f3n en la vida p\u00fablica como servidora inici\u00f3 con la lucha de sus derechos pol\u00edticos electorales ante la violencia pol\u00edtica por raz\u00f3n de g\u00e9nero, materias en la que se ha especializado y representado.<\/p>\n\n\n\n<p>La ingeniera Acu\u00edcola por la UMAR, es feminista, l\u00edder y activista del Pueblo ind\u00edgena mazateco y defensora de los derechos de las mujeres. Es fundadora de la Escuela de Formaci\u00f3n Pol\u00edtica para Mujeres Ind\u00edgenas y de la Red de Mujeres Ind\u00edgenas Mun\u00edcipes.<\/p>\n\n\n\n<p>En la jefatura de Gabinete fue designado Jos\u00e9 Antonio Rueda M\u00e1rquez, fundador de diversas organizaciones pol\u00edticas y sociales, catedr\u00e1tico de la Universidad de Chapingo durante 20 a\u00f1os, Consejero Universitario, Profesor del Polit\u00e9cnico Nacional e integrante de Morena.<\/p>\n\n\n\n<p>No es originario del estado de Oaxaca y fue designado pese a que Jara Cruz hab\u00eda dicho que sus funcionarios ser\u00edan oriundos del estado.<\/p>\n\n\n\n<p>El gobernador electo Salom\u00f3n Jara anunci\u00f3 que las secretar\u00edas de Movilidad; Pueblos y Comunidades Ind\u00edgenas y Afromexicanas; Medio Ambiente; Salud, as\u00ed como la de Cultura y Artes ser\u00e1n encabezadas por mujeres.<\/p>\n\n\n\n<p>Otras como la de Seguridad y Protecci\u00f3n Ciudadana, e Infraestructuras, entre otras, por hombres, con el fin que haya paridad. &nbsp;&nbsp;<\/p>\n","protected":false},"excerpt":{"rendered":"<p>Yuridiana Sosa\/Zona Roja. Oaxaca de Ju\u00e1rez, Oax., 8 de noviembre de 2022.- Son modificarse a\u00fan&hellip;<\/p>\n","protected":false},"author":2,"featured_media":47793,"comment_status":"closed","ping_status":"open","sticky":false,"template":"","format":"standard","meta":{"_lmt_disableupdate":"","_lmt_disable":"","_jetpack_memberships_contains_paid_content":false,"footnotes":""},"categories":[109,47],"tags":[939],"class_list":["post-47792","post","type-post","status-publish","format-standard","has-post-thumbnail","hentry","category-minuto-a-minuto","category-zona-gris","tag-salomon-jara-cruz"],"jetpack_featured_media_url":"https:\/\/zonaroja.com.mx\/wp-content\/uploads\/2022\/11\/Anuncio-gabinete-Salomon-Jara.jpeg","jetpack_sharing_enabled":true,"_links":{"self":[{"href":"https:\/\/zonaroja.com.mx\/index.php?rest_route=\/wp\/v2\/posts\/47792","targetHints":{"allow":["GET"]}}],"collection":[{"href":"https:\/\/zonaroja.com.mx\/index.php?rest_route=\/wp\/v2\/posts"}],"about":[{"href":"https:\/\/zonaroja.com.mx\/index.php?rest_route=\/wp\/v2\/types\/post"}],"author":[{"embeddable":true,"href":"https:\/\/zonaroja.com.mx\/index.php?rest_route=\/wp\/v2\/users\/2"}],"replies":[{"embeddable":true,"href":"https:\/\/zonaroja.com.mx\/index.php?rest_route=%2Fwp%2Fv2%2Fcomments&post=47792"}],"version-history":[{"count":1,"href":"https:\/\/zonaroja.com.mx\/index.php?rest_route=\/wp\/v2\/posts\/47792\/revisions"}],"predecessor-version":[{"id":47794,"href":"https:\/\/zonaroja.com.mx\/index.php?rest_route=\/wp\/v2\/posts\/47792\/revisions\/47794"}],"wp:featuredmedia":[{"embeddable":true,"href":"https:\/\/zonaroja.com.mx\/index.php?rest_route=\/wp\/v2\/media\/47793"}],"wp:attachment":[{"href":"https:\/\/zonaroja.com.mx\/index.php?rest_route=%2Fwp%2Fv2%2Fmedia&parent=47792"}],"wp:term":[{"taxonomy":"category","embeddable":true,"href":"https:\/\/zonaroja.com.mx\/index.php?rest_route=%2Fwp%2Fv2%2Fcategories&post=47792"},{"taxonomy":"post_tag","embeddable":true,"href":"https:\/\/zonaroja.com.mx\/index.php?rest_route=%2Fwp%2Fv2%2Ftags&post=47792"}],"curies":[{"name":"wp","href":"https:\/\/api.w.org\/{rel}","templated":true}]}}