{"id":47795,"date":"2022-11-08T16:08:57","date_gmt":"2022-11-08T22:08:57","guid":{"rendered":"http:\/\/www.zonaroja.com.mx\/?p=47795"},"modified":"2022-11-08T16:08:58","modified_gmt":"2022-11-08T22:08:58","slug":"urge-ddhpo-solucion-integral-al-problema-de-saneamiento-de-la-capital","status":"publish","type":"post","link":"https:\/\/zonaroja.com.mx\/?p=47795","title":{"rendered":"Urge DDHPO soluci\u00f3n integral al problema de saneamiento de la capital"},"content":{"rendered":"\n<p>Redacci\u00f3n\/Zona Roja.<\/p>\n\n\n\n<p>Oaxaca de Ju\u00e1rez, Oax., a 8 de noviembre de 2022.- Ante el grave problema que enfrenta la ciudad de Oaxaca, a un mes de que se carezca de un espacio en el cual depositar los residuos s\u00f3lidos, la Defensor\u00eda de los Derechos Humanos del Pueblo de Oaxaca (DDHPO) urgi\u00f3 a las autoridades estatales y municipales, a brindar una soluci\u00f3n metropolitana integral y con enfoque de derechos humanos a la recolecci\u00f3n, dep\u00f3sito y tratamiento de residuos s\u00f3lidos, que beneficie a las y los oaxaque\u00f1os, as\u00ed como al medio ambiente.<\/p>\n\n\n\n<p>Para el organismo aut\u00f3nomo, el conflicto en materia de saneamiento que enfrenta la capital del estado, derivado del cierre definitivo del espacio donde se depositaba la basura, implica que la autoridad municipal y estatal mantengan la rector\u00eda en el tratamiento de los residuos y evitar que los mismos se conviertan en disputa entre grupos f\u00e1cticos de poder.<\/p>\n\n\n\n<p>As\u00ed tambi\u00e9n, el conflicto debe ser resuelto con la suma de esfuerzos de la sociedad y los entes gubernamentales de los tres niveles, contemplando un proceso informativo y educativo para la sociedad, as\u00ed como para las personas que habitan la localidad donde se tiene planeado instalar el nuevo relleno sanitario.<\/p>\n\n\n\n<p>Lo anterior, para garantizar no solo el saneamiento del espacio p\u00fablico, sino del medio ambiente en general, lo que ser\u00e1 solo posible con un manejo responsable de los residuos, la separaci\u00f3n de basura y el procesamiento adecuado de la misma.<\/p>\n\n\n\n<p>La DDHPO se\u00f1al\u00f3 que, la problem\u00e1tica se ha agravado por la falta de cultura de separaci\u00f3n de los residuos, adem\u00e1s de que las personas han optado por sacar su basura a la calle, lo que podr\u00eda ocasionar un problema sanitario.<\/p>\n\n\n\n<p>Ante ello, la Defensor\u00eda de los Derechos Humanos del Pueblo de Oaxaca convoc\u00f3 a la sociedad a ser responsable de los desechos que genera, separarlos adecuadamente, y contribuir con el medio ambiente.<\/p>\n\n\n\n<p>A nivel municipal, en el estado, existen estrategias exitosas de separaci\u00f3n de basura y reciclaje, as\u00ed como la implementaci\u00f3n de rellenos sanitarios, mismas que se pueden replicar en la capital, realizando un proceso informativo que permita garantizar el \u00e9xito de los proyectos.<\/p>\n\n\n\n<p>La DDHPO record\u00f3 que, el derecho humano al medio ambiente sano para el desarrollo y bienestar posee una doble dimensi\u00f3n, ya que, por una parte, protege el ambiente como un bien jur\u00eddico fundamental y expresa el papel indiscutible que \u00e9ste tiene en la realizaci\u00f3n de un plan de vida digno y por la otra, la protecci\u00f3n de este derecho humano constituye una garant\u00eda para la realizaci\u00f3n y vigencia de los dem\u00e1s derechos, atendiendo al principio de interdependencia, puesto que, el ser humano se encuentra en una relaci\u00f3n indisoluble con su entorno y la naturaleza.<\/p>\n\n\n\n<p>(Comunicado)<\/p>\n","protected":false},"excerpt":{"rendered":"<p>Redacci\u00f3n\/Zona Roja. Oaxaca de Ju\u00e1rez, Oax., a 8 de noviembre de 2022.- Ante el grave&hellip;<\/p>\n","protected":false},"author":2,"featured_media":47796,"comment_status":"closed","ping_status":"open","sticky":false,"template":"","format":"standard","meta":{"_lmt_disableupdate":"","_lmt_disable":"","_jetpack_memberships_contains_paid_content":false,"footnotes":""},"categories":[109,47],"tags":[148],"class_list":["post-47795","post","type-post","status-publish","format-standard","has-post-thumbnail","hentry","category-minuto-a-minuto","category-zona-gris","tag-oaxaca-de-juarez"],"jetpack_featured_media_url":"https:\/\/zonaroja.com.mx\/wp-content\/uploads\/2022\/11\/Basura-colonia-Reforma-Oaxaca.jpg","jetpack_sharing_enabled":true,"_links":{"self":[{"href":"https:\/\/zonaroja.com.mx\/index.php?rest_route=\/wp\/v2\/posts\/47795","targetHints":{"allow":["GET"]}}],"collection":[{"href":"https:\/\/zonaroja.com.mx\/index.php?rest_route=\/wp\/v2\/posts"}],"about":[{"href":"https:\/\/zonaroja.com.mx\/index.php?rest_route=\/wp\/v2\/types\/post"}],"author":[{"embeddable":true,"href":"https:\/\/zonaroja.com.mx\/index.php?rest_route=\/wp\/v2\/users\/2"}],"replies":[{"embeddable":true,"href":"https:\/\/zonaroja.com.mx\/index.php?rest_route=%2Fwp%2Fv2%2Fcomments&post=47795"}],"version-history":[{"count":1,"href":"https:\/\/zonaroja.com.mx\/index.php?rest_route=\/wp\/v2\/posts\/47795\/revisions"}],"predecessor-version":[{"id":47797,"href":"https:\/\/zonaroja.com.mx\/index.php?rest_route=\/wp\/v2\/posts\/47795\/revisions\/47797"}],"wp:featuredmedia":[{"embeddable":true,"href":"https:\/\/zonaroja.com.mx\/index.php?rest_route=\/wp\/v2\/media\/47796"}],"wp:attachment":[{"href":"https:\/\/zonaroja.com.mx\/index.php?rest_route=%2Fwp%2Fv2%2Fmedia&parent=47795"}],"wp:term":[{"taxonomy":"category","embeddable":true,"href":"https:\/\/zonaroja.com.mx\/index.php?rest_route=%2Fwp%2Fv2%2Fcategories&post=47795"},{"taxonomy":"post_tag","embeddable":true,"href":"https:\/\/zonaroja.com.mx\/index.php?rest_route=%2Fwp%2Fv2%2Ftags&post=47795"}],"curies":[{"name":"wp","href":"https:\/\/api.w.org\/{rel}","templated":true}]}}