{"id":47798,"date":"2022-11-08T16:11:18","date_gmt":"2022-11-08T22:11:18","guid":{"rendered":"http:\/\/www.zonaroja.com.mx\/?p=47798"},"modified":"2022-11-08T16:11:20","modified_gmt":"2022-11-08T22:11:20","slug":"salvaguarda-poder-judicial-del-estado-los-derechos-de-personas-indigenas","status":"publish","type":"post","link":"https:\/\/zonaroja.com.mx\/?p=47798","title":{"rendered":"Salvaguarda Poder Judicial del Estado los derechos de personas ind\u00edgenas"},"content":{"rendered":"\n<p>Redacci\u00f3n\/Zona Roja.<\/p>\n\n\n\n<p>Oaxaca de Ju\u00e1rez, Oax., a 8 de noviembre de 2022.- La Sala de Justicia Ind\u00edgena&nbsp;y Quinta Sala Penal&nbsp;del Tribunal Superior de Justicia del Estado (TSJE)&nbsp;es respetuosa de&nbsp;la libre determinaci\u00f3n y autonom\u00eda de los pueblos y comunidades ind\u00edgenas; por ello,&nbsp;en la atenci\u00f3n de los asuntos&nbsp;que le toca conocer&nbsp;de acuerdo a sus facultades, se salvaguardan los derechos humanos y se prioriza juzgar desde una perspectiva intercultural y de g\u00e9nero,&nbsp;afirm\u00f3 el presidente de ese organismo jurisdiccional, magistrado Manuel de Jes\u00fas L\u00f3pez&nbsp;L\u00f3pez.&nbsp;<\/p>\n\n\n\n<p>Al&nbsp;hablar sobre los alcances y logros de dicha&nbsp;Sala,&nbsp;considerada un referente a nivel internacional,&nbsp;indic\u00f3 que en el pluralismo jur\u00eddico que distingue a Oaxaca es necesario entender que hay dos sistemas de justicia: el que se deriva de las comunidades y el del Estado, los cuales est\u00e1n a la par,&nbsp;\u201cnunca uno encima de otro\u201d.&nbsp;<\/p>\n\n\n\n<p>Explic\u00f3 que la Sala de Justicia Ind\u00edgena, creada por mandato del Congreso del Estado en diciembre del 2015, responde a una solicitud&nbsp;de&nbsp;los propios pueblos y comunidades ind\u00edgenas; adem\u00e1s, su labor ha sentado importantes precedentes&nbsp;en los m\u00e1s de 200 casos que ha conocido.<\/p>\n\n\n\n<p>Entre los asuntos&nbsp;que son&nbsp;competencia&nbsp;de la Sala de Justicia Ind\u00edgena, el magistrado Manuel de Jes\u00fas L\u00f3pez&nbsp;L\u00f3pez&nbsp;mencion\u00f3&nbsp;la de conocer&nbsp;asuntos relacionados con inconformidades ocontroversias&nbsp;por&nbsp;las resoluciones&nbsp;de&nbsp;las autoridades&nbsp;municipales en asambleas comunitarias o&nbsp;conforme a sus&nbsp;sistemas normativos internos&nbsp;e inconformidades por la distribuci\u00f3n de recursos presupuestales&nbsp;y situaciones&nbsp;donde personas&nbsp;ind\u00edgenas&nbsp;consideren sus derechos fundamentales violentados.<\/p>\n\n\n\n<p>Por otra parte,&nbsp;el Presidente de la Sala de Justicia Ind\u00edgena&nbsp;se refiri\u00f3 al \u201cProtocolo para la Armonizaci\u00f3n y Coordinaci\u00f3n entre las jurisdicciones estatal e ind\u00edgena&nbsp;afromexicana\u201d, un documento de gu\u00eda ante los casos que involucran a comunidades originarias y sus habitantes, el cual actualmente se socializa entre juezas y jueces, operadores jur\u00eddicos y autoridades municipales&nbsp;para&nbsp;lograr&nbsp;una impartici\u00f3n de justicia&nbsp;m\u00e1s&nbsp;humanizada.&nbsp;<\/p>\n\n\n\n<p>El&nbsp;magistrado Manuel de Jes\u00fas L\u00f3pez&nbsp;L\u00f3pez&nbsp;fue entrevistado en el programa Son mis derechos\u201d, que se transmite los d\u00edas jueves, de manera quincenal, de 19:00 a 20:00 horas por el canal 9.1 de la CORTV, con repeticiones el martes a las 17:00 horas y s\u00e1bado a las 12:00 horas.&nbsp;La emisi\u00f3n completa se encuentra disponible en&nbsp;el enlace:&nbsp;https:\/\/youtu.be\/WrUaSzWCa4U.<\/p>\n","protected":false},"excerpt":{"rendered":"<p>Redacci\u00f3n\/Zona Roja. Oaxaca de Ju\u00e1rez, Oax., a 8 de noviembre de 2022.- La Sala de&hellip;<\/p>\n","protected":false},"author":2,"featured_media":47799,"comment_status":"closed","ping_status":"open","sticky":false,"template":"","format":"standard","meta":{"_lmt_disableupdate":"","_lmt_disable":"","_jetpack_memberships_contains_paid_content":false,"footnotes":""},"categories":[109,47],"tags":[223],"class_list":["post-47798","post","type-post","status-publish","format-standard","has-post-thumbnail","hentry","category-minuto-a-minuto","category-zona-gris","tag-poder-judicial-de-oaxaca"],"jetpack_featured_media_url":"https:\/\/zonaroja.com.mx\/wp-content\/uploads\/2022\/11\/Poder-Judicial-Oaxaca.jpg","jetpack_sharing_enabled":true,"_links":{"self":[{"href":"https:\/\/zonaroja.com.mx\/index.php?rest_route=\/wp\/v2\/posts\/47798","targetHints":{"allow":["GET"]}}],"collection":[{"href":"https:\/\/zonaroja.com.mx\/index.php?rest_route=\/wp\/v2\/posts"}],"about":[{"href":"https:\/\/zonaroja.com.mx\/index.php?rest_route=\/wp\/v2\/types\/post"}],"author":[{"embeddable":true,"href":"https:\/\/zonaroja.com.mx\/index.php?rest_route=\/wp\/v2\/users\/2"}],"replies":[{"embeddable":true,"href":"https:\/\/zonaroja.com.mx\/index.php?rest_route=%2Fwp%2Fv2%2Fcomments&post=47798"}],"version-history":[{"count":1,"href":"https:\/\/zonaroja.com.mx\/index.php?rest_route=\/wp\/v2\/posts\/47798\/revisions"}],"predecessor-version":[{"id":47800,"href":"https:\/\/zonaroja.com.mx\/index.php?rest_route=\/wp\/v2\/posts\/47798\/revisions\/47800"}],"wp:featuredmedia":[{"embeddable":true,"href":"https:\/\/zonaroja.com.mx\/index.php?rest_route=\/wp\/v2\/media\/47799"}],"wp:attachment":[{"href":"https:\/\/zonaroja.com.mx\/index.php?rest_route=%2Fwp%2Fv2%2Fmedia&parent=47798"}],"wp:term":[{"taxonomy":"category","embeddable":true,"href":"https:\/\/zonaroja.com.mx\/index.php?rest_route=%2Fwp%2Fv2%2Fcategories&post=47798"},{"taxonomy":"post_tag","embeddable":true,"href":"https:\/\/zonaroja.com.mx\/index.php?rest_route=%2Fwp%2Fv2%2Ftags&post=47798"}],"curies":[{"name":"wp","href":"https:\/\/api.w.org\/{rel}","templated":true}]}}