{"id":47808,"date":"2022-11-09T10:34:00","date_gmt":"2022-11-09T16:34:00","guid":{"rendered":"http:\/\/www.zonaroja.com.mx\/?p=47808"},"modified":"2022-11-09T06:46:31","modified_gmt":"2022-11-09T12:46:31","slug":"ataques-a-madres-buscadoras-suman-3-asesinatos-en-2022","status":"publish","type":"post","link":"https:\/\/zonaroja.com.mx\/?p=47808","title":{"rendered":"Ataques a Madres Buscadoras: suman 3 asesinatos en 2022"},"content":{"rendered":"\n<p>Redacci\u00f3n\/Zona Roja Cdmx.<\/p>\n\n\n\n<p>Ciudad de M\u00e9xico, a 9 de noviembre de 2022.- Los colectivos de madres buscadoras sufrieron una tercera afrenta este domingo, cuando una de sus integrantes de Guanajuato fue asesinada por dos hombres afuera de su domicilio.<\/p>\n\n\n\n<p>El crimen contra Mar\u00eda Carmela V\u00e1zquez, miembro del Colectivo Personas Desaparecidas de P\u00e9njamo Guanajuato, se convirti\u00f3 en el tercero registrado en 2022.<\/p>\n\n\n\n<p>Inmersas en la vor\u00e1gine de violencia que acecha al pa\u00eds, estas mujeres no s\u00f3lo ponen el cuerpo para realizar una labor que corresponde al Estado sino que son v\u00edctimas de un doble asesinato. El primero ocurre cuando les arrebatan a sus seres queridos, una parte esencial de sus vidas y el segundo, cuando lo que queda de ellas es eliminado.<\/p>\n\n\n\n<p>Desde que comenz\u00f3 el seguimiento de este tipo de delitos en 2010, al menos 15 madres buscadoras han sido asesinadas, de estas, siete en lo que va del sexenio de Andr\u00e9s Manuel L\u00f3pez Obrador, seg\u00fan datos de InSight Crime, un centro de pensamiento que busca profundizar el debate sobre el crimen organizado y la seguridad ciudadana en las Am\u00e9ricas.<\/p>\n\n\n\n<p>Para noviembre de 2022, en tan solo 11 meses, tres madres y una hermana en busca de sus desaparecidos han sido ultimadas.<\/p>\n\n\n\n<p>MAR\u00cdA DEL CARMEN<\/p>\n\n\n\n<p>Mar\u00eda Carmela V\u00e1zquez integrante del Colectivo Personas Desaparecidas de P\u00e9njamo Guanajuato, fue asesinada el domingo 6 de noviembre en plena zona centro del municipio de Abasolo, en Guanajuato.<\/p>\n\n\n\n<p>Su madre dijo a las autoridades que a su domicilio arribaron dos personas a bordo de una motocicleta. Estos preguntaron por su hija, y cuando Mar\u00eda Carmela sali\u00f3, la recibieron a balazos y se dieron a la fuga con rumbo desconocido.<\/p>\n\n\n\n<p>Mar\u00eda Carmela buscaba a su hijo Oscar Zu\u00f1iga V\u00e1zquez, quien desapareci\u00f3 el 14 de junio de 2022.<\/p>\n\n\n\n<p>ESMERALDA<\/p>\n\n\n\n<p>Esmeralda Gallardo buscaba a su hija Betzab\u00e9 Alvarado, reportada como desaparecida en 2021 junto con una de sus amigas.<\/p>\n\n\n\n<p>Tras un a\u00f1o y medio de rastreo, Esmeralda fue asesinada en la colonia Villa Frontera la madrugada del 4 de octubre de 2022.<\/p>\n\n\n\n<p>ROSARIO LILIAN<\/p>\n\n\n\n<p>Rosario Lilian Rodr\u00edguez Barraza, una de las l\u00edderes rastreadoras del grupo de mujeres que buscan a sus hijos desaparecidos en Sinaloa, fue localizada sin vida y con huellas de tortura el pasado 31 de agosto.<\/p>\n\n\n\n<p>La activista hab\u00eda sido privada de la libertad un d\u00eda antes cuando sal\u00eda de una parroquia donde se hab\u00eda realizado una misa en conmemoraci\u00f3n del D\u00eda Internacional de las V\u00edctimas de Desaparici\u00f3n Forzada.<\/p>\n\n\n\n<p>Buscaba a su hijo Fernando Abizaid Ram\u00edrez Rodr\u00edguez, quien desapareci\u00f3 el 16 de octubre de 2019 en la poblaci\u00f3n de La Cruz de Elota. Desde entonces la mujer se integr\u00f3 a un grupo de madres con hijos desaparecidos para buscarlo por toda la entidad.<\/p>\n\n\n\n<p>BRENDA JAZM\u00cdN<\/p>\n\n\n\n<p>Brenda Jazm\u00edn, de 38 a\u00f1os, era integrante de Guerreras Buscadoras de Cajeme, uno de los colectivos de b\u00fasqueda de personas desaparecidas m\u00e1s activos en Sonora.<\/p>\n\n\n\n<p>La activista ten\u00eda tres a\u00f1os y ocho meses buscando a su hermano Luis Heraldo Beltr\u00e1n Jaime, quien fue secuestrado por hombres armados el 1 de diciembre del 2018 en la comunidad B\u00e1cum.<\/p>\n\n\n\n<p>El pasado 21 de julio fue encontrada sin vida y con se\u00f1as de tortura y golpes en la habitaci\u00f3n de un motel en la comunidad de Providencia, en Cajeme.<\/p>\n\n\n\n<p>(Informaci\u00f3n de \u201cEl Financiero\u201d)<\/p>\n","protected":false},"excerpt":{"rendered":"<p>Redacci\u00f3n\/Zona Roja Cdmx. Ciudad de M\u00e9xico, a 9 de noviembre de 2022.- Los colectivos de&hellip;<\/p>\n","protected":false},"author":2,"featured_media":40067,"comment_status":"closed","ping_status":"open","sticky":false,"template":"","format":"standard","meta":{"_lmt_disableupdate":"","_lmt_disable":"","_jetpack_memberships_contains_paid_content":false,"footnotes":""},"categories":[109,47],"tags":[1209],"class_list":["post-47808","post","type-post","status-publish","format-standard","has-post-thumbnail","hentry","category-minuto-a-minuto","category-zona-gris","tag-feminicidios-mexico"],"jetpack_featured_media_url":"https:\/\/zonaroja.com.mx\/wp-content\/uploads\/2022\/04\/Buscadoras-desaparecidos-busqueda-.jpg","jetpack_sharing_enabled":true,"_links":{"self":[{"href":"https:\/\/zonaroja.com.mx\/index.php?rest_route=\/wp\/v2\/posts\/47808","targetHints":{"allow":["GET"]}}],"collection":[{"href":"https:\/\/zonaroja.com.mx\/index.php?rest_route=\/wp\/v2\/posts"}],"about":[{"href":"https:\/\/zonaroja.com.mx\/index.php?rest_route=\/wp\/v2\/types\/post"}],"author":[{"embeddable":true,"href":"https:\/\/zonaroja.com.mx\/index.php?rest_route=\/wp\/v2\/users\/2"}],"replies":[{"embeddable":true,"href":"https:\/\/zonaroja.com.mx\/index.php?rest_route=%2Fwp%2Fv2%2Fcomments&post=47808"}],"version-history":[{"count":1,"href":"https:\/\/zonaroja.com.mx\/index.php?rest_route=\/wp\/v2\/posts\/47808\/revisions"}],"predecessor-version":[{"id":47809,"href":"https:\/\/zonaroja.com.mx\/index.php?rest_route=\/wp\/v2\/posts\/47808\/revisions\/47809"}],"wp:featuredmedia":[{"embeddable":true,"href":"https:\/\/zonaroja.com.mx\/index.php?rest_route=\/wp\/v2\/media\/40067"}],"wp:attachment":[{"href":"https:\/\/zonaroja.com.mx\/index.php?rest_route=%2Fwp%2Fv2%2Fmedia&parent=47808"}],"wp:term":[{"taxonomy":"category","embeddable":true,"href":"https:\/\/zonaroja.com.mx\/index.php?rest_route=%2Fwp%2Fv2%2Fcategories&post=47808"},{"taxonomy":"post_tag","embeddable":true,"href":"https:\/\/zonaroja.com.mx\/index.php?rest_route=%2Fwp%2Fv2%2Ftags&post=47808"}],"curies":[{"name":"wp","href":"https:\/\/api.w.org\/{rel}","templated":true}]}}