{"id":47810,"date":"2022-11-09T09:46:00","date_gmt":"2022-11-09T15:46:00","guid":{"rendered":"http:\/\/www.zonaroja.com.mx\/?p=47810"},"modified":"2022-11-09T06:50:55","modified_gmt":"2022-11-09T12:50:55","slug":"opinion-sexenio-de-frivolidades","status":"publish","type":"post","link":"https:\/\/zonaroja.com.mx\/?p=47810","title":{"rendered":"Opini\u00f3n. Sexenio de frivolidades"},"content":{"rendered":"\n<p>N\u00e9stor Y. S\u00e1nchez Islas<\/p>\n\n\n\n<p>Lleg\u00f3 la hora. Dentro de unos d\u00edas ser\u00e1 pasado y la historia iniciar\u00e1&nbsp;el&nbsp;an\u00e1lisis para colocar a esta administraci\u00f3n gubernamental en el lugar que le corresponda.<\/p>\n\n\n\n<p>En los d\u00edas que quedan no se terminar\u00e1 la ampliaci\u00f3n al aeropuerto, ni las nuevas carreteras al Istmo o la Costa, tampoco el centro cultural en donde estuvo el ahora demolido teatro \u201c\u00c1lvaro Carrillo\u201d. El b\u00fanker del Centro de Convenciones se qued\u00f3&nbsp;a medias,&nbsp;en las mismas condiciones del d\u00eda de su&nbsp;inauguraci\u00f3n, pero mucho muy deteriorado. El caprichoso Centro Gastron\u00f3mico no solo est\u00e1 inconcluso, es un fracaso.<\/p>\n\n\n\n<p>La falta de infraestructura f\u00edsica es evidente, sin embargo, lo m\u00e1s serio&nbsp;no es lo que a simple vista resulta obvio, sino aquello conformado por las estructuras de poder que no se atrevi\u00f3 a tocar,&nbsp;pero&nbsp;que&nbsp;toler\u00f3&nbsp;y enriqueci\u00f3.&nbsp;<\/p>\n\n\n\n<p>La falta de arraigo, de aut\u00e9ntico conocimiento de la&nbsp;entidad, pes\u00f3 mucho m\u00e1s que los grados acad\u00e9micos del titular del gobierno y no quiso, o no pudo, ir m\u00e1s all\u00e1 de&nbsp;solo&nbsp;ser un administrador para dejar pasar los a\u00f1os, lograr una gobernabilidad haciendo todo tipo de \u201cconcertacesiones\u201d y usar nuestros recursos para proyectarse a nivel nacional.<\/p>\n\n\n\n<p>A los conocidos poderes f\u00e1cticos de la Secci\u00f3n 22, del sindicato de bur\u00f3cratas estatales y federales hay que agregar las mafias transportistas y&nbsp;el control de algunas zonas de la entidad por el crimen organizado.&nbsp;<\/p>\n\n\n\n<p>El mismo z\u00f3calo de la ciudad es un ejemplo del retroceso del gobierno.&nbsp;Nada se hizo&nbsp;por recuperar ese espacio, sigue en manos de \u201corganizaciones\u201d sociales que, se cree, tienen v\u00ednculos criminales.<\/p>\n\n\n\n<p>Tenemos profundos problemas de desigualdad&nbsp;y en este sentido&nbsp;poco&nbsp;se hizo. Las estructuras de dominaci\u00f3n siguen intactas. El soci\u00f3logo Anthony Giddens escribi\u00f3: \u201cLos hombres hacen su propia historia, pero no la hacen como ellos quieren, bajo circunstancias elegidas por ellos mismos, sino bajo circunstancias directamente dadas y heredadas por el pasado\u201d.&nbsp;<\/p>\n\n\n\n<p>Ese pasado, esa mentalidad medieval&nbsp;sigue presente en Oaxaca, ese&nbsp;gozo por la victimizaci\u00f3n y esa docilidad para dejarse manipular&nbsp;por mensajes mesi\u00e1nicos.<\/p>\n\n\n\n<p>Un medio para disminuir la&nbsp;desigualdad es la cultura, y este gobierno la us\u00f3, pero d\u00e1ndole un sentido&nbsp;fr\u00edvolo&nbsp;y pol\u00edtico;&nbsp;la visi\u00f3n comercial fue la prioridad. No tenemos industrias ni&nbsp;poderosos comercios, pero tenemos un enorme capital&nbsp;en&nbsp;la&nbsp;cultura&nbsp;local&nbsp;que,&nbsp;por usarlo pol\u00edticamente,&nbsp;est\u00e1 en riesgo de perder su simbolismo tradicional para convertirse solo en una representaci\u00f3n teatral para agradar al turista.<\/p>\n\n\n\n<p>Oaxaca no es un mundo \u201cBarbie\u201d, no somos una sociedad de pl\u00e1stico, no debemos ser el objeto de la venta sino los sujetos beneficiados por buenas pol\u00edticas p\u00fablicas que hoy est\u00e1n en contra nuestra.&nbsp;<\/p>\n\n\n\n<p>La tolerada masificaci\u00f3n tur\u00edstica, gentrificaci\u00f3n y gourmetizaci\u00f3n&nbsp;la pagamos todos a trav\u00e9s de car\u00edsimos servicios, rentas y especulaci\u00f3n inmobiliaria, pero con salarios bajos que no le&nbsp;alcanzan&nbsp;al trabajador&nbsp;para&nbsp;gastar m\u00e1s que en lo indispensable, por tanto, la econom\u00eda no mejora.<\/p>\n\n\n\n<p>Tampoco se enfrent\u00f3&nbsp;la informalidad laboral, entre ellos el ambulantaje. Ha pasado de ser una soluci\u00f3n temporal por falta de empleo a un modo de&nbsp;vida permanente.&nbsp;Oaxaca es l\u00edder a nivel nacional en&nbsp;precariedad&nbsp;en el trabajo.<\/p>\n\n\n\n<p>Este gobierno se ha comportado m\u00e1s como el turista&nbsp;que se sorprende&nbsp;con&nbsp;cada artesan\u00eda, comida o poblaci\u00f3n que encuentra a su paso que como el gobernante responsable&nbsp;de atender los problemas.&nbsp;<\/p>\n\n\n\n<p>La conflictividad social de los oaxaque\u00f1os se acrecienta m\u00e1s con el paternalismo&nbsp;y de ello dan fe los cientos de organizaciones chantajistas que bloquean una y otra vez calles y carreteras&nbsp;cada que necesitan dinero.<\/p>\n\n\n\n<p>Pocas relaciones tendi\u00f3 con la prensa local, poca simpat\u00eda hacia colectivos y organizaciones&nbsp;feministas,&nbsp;pero atenci\u00f3n desmedida al mundo gourmet de los chef,&nbsp;reflectores para unos pocos mezcaleros&nbsp;y las frivolidades&nbsp;de portadas de revistas.<\/p>\n\n\n\n<p>Gobernar para la foto y administrar los problemas, el&nbsp;gatopardismo&nbsp;en acci\u00f3n.&nbsp;Vivimos un problema cantado desde hace a\u00f1os que ciertamente es del \u00e1mbito municipal,&nbsp;la crisis&nbsp;de la basura.&nbsp;Pudo haberse buscado una soluci\u00f3n desde hace a\u00f1os, pero se dej\u00f3 estallar.<\/p>\n\n\n\n<p>Construir&nbsp;ciclov\u00edas&nbsp;en calles del centro y la colonia Reforma&nbsp;cuando que se necesitan en Santa Rosa, San Juanito, Montoya o San Mart\u00edn, por ejemplo. Los motivos fueron medi\u00e1ticos, era necesario proyectar la imagen de una autoridad preocupada por las nuevas formas de movilidad&nbsp;que atender un problema que se paga con la vida de los ciclistas atropellados.<\/p>\n\n\n\n<p>Le costar\u00e1 mucho trabajo deslindarse de las piller\u00edas del \u201cc\u00e1rtel del despojo\u201d, un problema que lleg\u00f3 a los noticieros nacionales y que el propio presidente&nbsp;abord\u00f3 en una ma\u00f1anera. Los involucrados&nbsp;pertenecen todos al \u00e1mbito del gobierno estatal, incluidos pol\u00edticos convertidos en notarios que han llegado a ese gremio cargando sus ma\u00f1as y&nbsp;malas artes.<\/p>\n\n\n\n<p>La frivolidad tiene su encanto, pero no como pol\u00edtica de gobierno.<\/p>\n\n\n\n<p>Twitter @nestoryuri<\/p>\n","protected":false},"excerpt":{"rendered":"<p>N\u00e9stor Y. S\u00e1nchez Islas Lleg\u00f3 la hora. Dentro de unos d\u00edas ser\u00e1 pasado y la&hellip;<\/p>\n","protected":false},"author":2,"featured_media":41861,"comment_status":"closed","ping_status":"open","sticky":false,"template":"","format":"standard","meta":{"_lmt_disableupdate":"","_lmt_disable":"","_jetpack_memberships_contains_paid_content":false,"footnotes":""},"categories":[456,109],"tags":[3050],"class_list":["post-47810","post","type-post","status-publish","format-standard","has-post-thumbnail","hentry","category-columna","category-minuto-a-minuto","tag-nestor-yuri-sanchez"],"jetpack_featured_media_url":"https:\/\/zonaroja.com.mx\/wp-content\/uploads\/2022\/05\/Opinion-Nestor-Yuri-Sanchez-Islas.jpg","jetpack_sharing_enabled":true,"_links":{"self":[{"href":"https:\/\/zonaroja.com.mx\/index.php?rest_route=\/wp\/v2\/posts\/47810","targetHints":{"allow":["GET"]}}],"collection":[{"href":"https:\/\/zonaroja.com.mx\/index.php?rest_route=\/wp\/v2\/posts"}],"about":[{"href":"https:\/\/zonaroja.com.mx\/index.php?rest_route=\/wp\/v2\/types\/post"}],"author":[{"embeddable":true,"href":"https:\/\/zonaroja.com.mx\/index.php?rest_route=\/wp\/v2\/users\/2"}],"replies":[{"embeddable":true,"href":"https:\/\/zonaroja.com.mx\/index.php?rest_route=%2Fwp%2Fv2%2Fcomments&post=47810"}],"version-history":[{"count":1,"href":"https:\/\/zonaroja.com.mx\/index.php?rest_route=\/wp\/v2\/posts\/47810\/revisions"}],"predecessor-version":[{"id":47811,"href":"https:\/\/zonaroja.com.mx\/index.php?rest_route=\/wp\/v2\/posts\/47810\/revisions\/47811"}],"wp:featuredmedia":[{"embeddable":true,"href":"https:\/\/zonaroja.com.mx\/index.php?rest_route=\/wp\/v2\/media\/41861"}],"wp:attachment":[{"href":"https:\/\/zonaroja.com.mx\/index.php?rest_route=%2Fwp%2Fv2%2Fmedia&parent=47810"}],"wp:term":[{"taxonomy":"category","embeddable":true,"href":"https:\/\/zonaroja.com.mx\/index.php?rest_route=%2Fwp%2Fv2%2Fcategories&post=47810"},{"taxonomy":"post_tag","embeddable":true,"href":"https:\/\/zonaroja.com.mx\/index.php?rest_route=%2Fwp%2Fv2%2Ftags&post=47810"}],"curies":[{"name":"wp","href":"https:\/\/api.w.org\/{rel}","templated":true}]}}