{"id":47815,"date":"2022-11-09T08:27:00","date_gmt":"2022-11-09T14:27:00","guid":{"rendered":"http:\/\/www.zonaroja.com.mx\/?p=47815"},"modified":"2022-11-09T07:29:02","modified_gmt":"2022-11-09T13:29:02","slug":"que-todo-fluya-y-que-nada-influya-las-ultimas-palabras-de-jazmin","status":"publish","type":"post","link":"https:\/\/zonaroja.com.mx\/?p=47815","title":{"rendered":"\u201cQue todo fluya y que nada influya\u201d, las \u00faltimas palabras de Jazm\u00edn"},"content":{"rendered":"\n<p>Yuridiana Sosa\/Zona Roja.<\/p>\n\n\n\n<p>Oaxaca de Ju\u00e1rez, Oax., 9 de noviembre de 2022. \u201cQue todo fluya y que nada influya\u201d, fue la \u00faltima frase que comparti\u00f3 en sus redes sociales la joven cantante Jazm\u00edn Z\u00e1rate Aquino, horas antes de ser asesinada y localizada en San Lorenzo Cacaotepec, Oaxaca.<\/p>\n\n\n\n<p>Jazz Aquino, como le gustaba que le dijeran, era originaria de Cuil\u00e1pam de Guerrero y fue asesinada en v\u00edsperas de su cumplea\u00f1os, el 7 de noviembre.<\/p>\n\n\n\n<p>En lugar de una celebraci\u00f3n, su familia incluyendo su menor hija, lloraron su p\u00e9rdida; hubo flores, pero para acompa\u00f1ar a su cuerpo dentro de un ata\u00fad; hubo velas, pero no sobre un pastel ; hubo abrazos, pero de consuelo.<\/p>\n\n\n\n<p>\u201cHoy el d\u00eda de tu cumplea\u00f1os te despedimos recordando siempre tu hermosa sonrisa, vuela alto y s\u00e9 libre como siempre quisiste serlo\u201d, p\u00fablico su hermana Engy Aquino.&nbsp;<\/p>\n\n\n\n<p>La cantante, egresado del Centro de Educaci\u00f3n Art\u00edstica \u201cMiguel Cabrera\u201d (Cedart), fue asesinada y su cuerpo localizado la ma\u00f1ana de este 7 de noviembre en el paraje \u201cLa Barranca\u201d, de San Lorenzo Cacaotepec, localidad a la que acudi\u00f3 para ofrecer un concierto la noche del domingo.&nbsp;<\/p>\n\n\n\n<p>Presuntamente pudo ser plagiada tras el espect\u00e1culo. Su cuerpo presentaba m\u00faltiples lesiones aparentemente por arma blanca.<\/p>\n\n\n\n<p>Este martes su familia, amigos y conocidos le dieron el \u00faltimo adi\u00f3s tras una misa de cuerpo presente en la parroquia de la comunidad, alrededor de este medio d\u00eda.<\/p>\n\n\n\n<p>El cortejo, al que se sum\u00f3 mucha gente, parti\u00f3 de su domicilio, en la calle Ray\u00f3, para dirigirse al templo de San Pedro Ap\u00f3stol, anexo al ex convento; tras ello, se dirigi\u00f3 al pante\u00f3n, donde le dieron el \u00faltimo adi\u00f3s. La peque\u00f1a hija de Jazz, de cinco a\u00f1os de edad, desconsolada.<\/p>\n\n\n\n<p>Jazz era entusiasta, se sent\u00eda orgullosa de su peque\u00f1a hija y el amor que se compart\u00edan; era optimista y valiente.<\/p>\n\n\n\n<p>M\u00e1s all\u00e1 de una promesa de la m\u00fasica y emprendedora, fue una grandiosa hija, hermana, amiga, compa\u00f1era, impulsora de sue\u00f1os de j\u00f3venes que como ella luchan cada d\u00eda para cumplir sus metas.<\/p>\n\n\n\n<p>En su cuenta de Facebook se refleja todo ese amor, admiraci\u00f3n por Jazz en mensajes de despedida y en el que tambi\u00e9n se sumaron voces de justicia e indignaci\u00f3n por el hecho.<\/p>\n\n\n\n<p>\u201cAl final s\u00ed sanas, s\u00ed vuelves amar, llegan mejores personas a tu vida y lo m\u00e1s importante, s\u00ed vuelves a ser t\u00fa\u201d, comparti\u00f3 la joven en su perfil el pasado 2 de noviembre; frase a la que agreg\u00f3: \u201cConfirmo\u201d.<\/p>\n","protected":false},"excerpt":{"rendered":"<p>Yuridiana Sosa\/Zona Roja. Oaxaca de Ju\u00e1rez, Oax., 9 de noviembre de 2022. \u201cQue todo fluya&hellip;<\/p>\n","protected":false},"author":2,"featured_media":47819,"comment_status":"closed","ping_status":"open","sticky":false,"template":"","format":"standard","meta":{"_lmt_disableupdate":"","_lmt_disable":"","_jetpack_memberships_contains_paid_content":false,"footnotes":""},"categories":[109,47],"tags":[3308],"class_list":["post-47815","post","type-post","status-publish","format-standard","has-post-thumbnail","hentry","category-minuto-a-minuto","category-zona-gris","tag-jazmin-zarate-aquino"],"jetpack_featured_media_url":"https:\/\/zonaroja.com.mx\/wp-content\/uploads\/2022\/11\/Sepelio-Jazmin-Zarate-Cuilapam.jpg","jetpack_sharing_enabled":true,"_links":{"self":[{"href":"https:\/\/zonaroja.com.mx\/index.php?rest_route=\/wp\/v2\/posts\/47815","targetHints":{"allow":["GET"]}}],"collection":[{"href":"https:\/\/zonaroja.com.mx\/index.php?rest_route=\/wp\/v2\/posts"}],"about":[{"href":"https:\/\/zonaroja.com.mx\/index.php?rest_route=\/wp\/v2\/types\/post"}],"author":[{"embeddable":true,"href":"https:\/\/zonaroja.com.mx\/index.php?rest_route=\/wp\/v2\/users\/2"}],"replies":[{"embeddable":true,"href":"https:\/\/zonaroja.com.mx\/index.php?rest_route=%2Fwp%2Fv2%2Fcomments&post=47815"}],"version-history":[{"count":1,"href":"https:\/\/zonaroja.com.mx\/index.php?rest_route=\/wp\/v2\/posts\/47815\/revisions"}],"predecessor-version":[{"id":47820,"href":"https:\/\/zonaroja.com.mx\/index.php?rest_route=\/wp\/v2\/posts\/47815\/revisions\/47820"}],"wp:featuredmedia":[{"embeddable":true,"href":"https:\/\/zonaroja.com.mx\/index.php?rest_route=\/wp\/v2\/media\/47819"}],"wp:attachment":[{"href":"https:\/\/zonaroja.com.mx\/index.php?rest_route=%2Fwp%2Fv2%2Fmedia&parent=47815"}],"wp:term":[{"taxonomy":"category","embeddable":true,"href":"https:\/\/zonaroja.com.mx\/index.php?rest_route=%2Fwp%2Fv2%2Fcategories&post=47815"},{"taxonomy":"post_tag","embeddable":true,"href":"https:\/\/zonaroja.com.mx\/index.php?rest_route=%2Fwp%2Fv2%2Ftags&post=47815"}],"curies":[{"name":"wp","href":"https:\/\/api.w.org\/{rel}","templated":true}]}}