{"id":4782,"date":"2019-10-13T07:39:18","date_gmt":"2019-10-13T12:39:18","guid":{"rendered":"http:\/\/www.zonaroja.com.mx\/?p=4782"},"modified":"2019-10-13T07:39:21","modified_gmt":"2019-10-13T12:39:21","slug":"cien-migrantes-de-alejandro-santiago-llegan-a-camposanto-de-los-angeles","status":"publish","type":"post","link":"https:\/\/zonaroja.com.mx\/?p=4782","title":{"rendered":"Cien \u201cmigrantes\u201d de Alejandro Santiago llegan a camposanto de Los \u00c1ngeles"},"content":{"rendered":"\n<p>Redacci\u00f3n\/Zona Roja.<\/p>\n\n\n\n<p>Oaxaca de Ju\u00e1rez, Oax., 13 de octubre\nde 2019.- La exposici\u00f3n escult\u00f3rica \u201cMigrantes\u201d del artista oaxaque\u00f1o,\nAlejandro Santiago, que se compone de 100 piezas, llegar\u00e1 a los jardines del\ncementerio \u201cHollywood Forever\u201d, en Los \u00c1ngeles, California, Estados Unidos de\nAm\u00e9rica.<\/p>\n\n\n\n<p>Este a\u00f1o, el camposanto m\u00e1s importante\nde Los \u00c1ngeles, con m\u00e1s de 200 a\u00f1os de antig\u00fcedad, celebrar\u00e1 el vig\u00e9simo\naniversario de su conmemoraci\u00f3n anual del D\u00eda de Muertos, teniendo como tema\nprincipal del evento de este a\u00f1o \u201cMigrantes Sagradas\u201d.<\/p>\n\n\n\n<p>Este cementerio recibe anualmente en las fechas de d\u00edas de muertos a m\u00e1s de 35 mil personas que conviven y disfrutan de exhibiciones de danzas prehisp\u00e1nicas, exposiciones de arte de pintores locales e internacionales y un sinn\u00famero de altares dedicados a personas famosas y de la comunidad.<\/p>\n\n\n\n<figure class=\"wp-block-image\"><img decoding=\"async\" width=\"311\" height=\"162\" src=\"http:\/\/www.zonaroja.com.mx\/wp-content\/uploads\/2019\/10\/Alejandro-Santiago-migrantes-1.png\" alt=\"\" class=\"wp-image-4783\" srcset=\"https:\/\/zonaroja.com.mx\/wp-content\/uploads\/2019\/10\/Alejandro-Santiago-migrantes-1.png 311w, https:\/\/zonaroja.com.mx\/wp-content\/uploads\/2019\/10\/Alejandro-Santiago-migrantes-1-300x156.png 300w\" sizes=\"(max-width: 311px) 100vw, 311px\" \/><\/figure>\n\n\n\n<p>En ese contexto, la sede de la\nUniversidad Nacional Aut\u00f3noma de M\u00e9xico en Los \u00c1ngeles (UNAM-LA) propuso una\ncolaboraci\u00f3n para llevar el conjunto de esculturas, y con ello preservar la\ncultura como s\u00edmbolo de identidad e inclusi\u00f3n, visibilizando&nbsp; la comunidad latina en Estados Unidos de\nAm\u00e9rica, inform\u00f3 el Gobierno del Estado.<\/p>\n\n\n\n<p>Ser\u00e1n 100 los migrantes distribuidos en\nsu jard\u00edn principal con el fin de que los visitantes puedan interactuar con\nellos y experimentar una cercan\u00eda est\u00e9tica y humana capaz de detonar\nreflexiones sobre el tema migratorio y sus consecuencias.<\/p>\n\n\n\n<p>La exposici\u00f3n permanecer\u00e1\naproximadamente un mes. Posteriormente, la obra viajar\u00e1 a la ciudad de Tucson,\nArizona, la cual ser\u00eda montada en la universidad y en el desierto de dicho\nestado de la uni\u00f3n americana.<\/p>\n\n\n\n<p>De acuerdo con las autoridades, la exposici\u00f3n\n\u201cMigrantes\u201d es una forma de visibilizar la presencia de miles de personas en\nAm\u00e9rica del Norte.<\/p>\n","protected":false},"excerpt":{"rendered":"<p>Redacci\u00f3n\/Zona Roja. Oaxaca de Ju\u00e1rez, Oax., 13 de octubre de 2019.- La exposici\u00f3n escult\u00f3rica \u201cMigrantes\u201d&hellip;<\/p>\n","protected":false},"author":2,"featured_media":4784,"comment_status":"closed","ping_status":"open","sticky":false,"template":"","format":"standard","meta":{"_lmt_disableupdate":"","_lmt_disable":"","_jetpack_memberships_contains_paid_content":false,"footnotes":""},"categories":[109,46],"tags":[861],"class_list":["post-4782","post","type-post","status-publish","format-standard","has-post-thumbnail","hentry","category-minuto-a-minuto","category-zona-blanca","tag-alejandro-santiago"],"jetpack_featured_media_url":"https:\/\/zonaroja.com.mx\/wp-content\/uploads\/2019\/10\/Alejandro-Santiago-migrantes-2.png","jetpack_sharing_enabled":true,"_links":{"self":[{"href":"https:\/\/zonaroja.com.mx\/index.php?rest_route=\/wp\/v2\/posts\/4782","targetHints":{"allow":["GET"]}}],"collection":[{"href":"https:\/\/zonaroja.com.mx\/index.php?rest_route=\/wp\/v2\/posts"}],"about":[{"href":"https:\/\/zonaroja.com.mx\/index.php?rest_route=\/wp\/v2\/types\/post"}],"author":[{"embeddable":true,"href":"https:\/\/zonaroja.com.mx\/index.php?rest_route=\/wp\/v2\/users\/2"}],"replies":[{"embeddable":true,"href":"https:\/\/zonaroja.com.mx\/index.php?rest_route=%2Fwp%2Fv2%2Fcomments&post=4782"}],"version-history":[{"count":1,"href":"https:\/\/zonaroja.com.mx\/index.php?rest_route=\/wp\/v2\/posts\/4782\/revisions"}],"predecessor-version":[{"id":4785,"href":"https:\/\/zonaroja.com.mx\/index.php?rest_route=\/wp\/v2\/posts\/4782\/revisions\/4785"}],"wp:featuredmedia":[{"embeddable":true,"href":"https:\/\/zonaroja.com.mx\/index.php?rest_route=\/wp\/v2\/media\/4784"}],"wp:attachment":[{"href":"https:\/\/zonaroja.com.mx\/index.php?rest_route=%2Fwp%2Fv2%2Fmedia&parent=4782"}],"wp:term":[{"taxonomy":"category","embeddable":true,"href":"https:\/\/zonaroja.com.mx\/index.php?rest_route=%2Fwp%2Fv2%2Fcategories&post=4782"},{"taxonomy":"post_tag","embeddable":true,"href":"https:\/\/zonaroja.com.mx\/index.php?rest_route=%2Fwp%2Fv2%2Ftags&post=4782"}],"curies":[{"name":"wp","href":"https:\/\/api.w.org\/{rel}","templated":true}]}}