{"id":47826,"date":"2022-11-09T11:55:00","date_gmt":"2022-11-09T17:55:00","guid":{"rendered":"http:\/\/www.zonaroja.com.mx\/?p=47826"},"modified":"2022-11-09T08:06:48","modified_gmt":"2022-11-09T14:06:48","slug":"opinion-si-queda-izquierda-la-reforma-no-pasara","status":"publish","type":"post","link":"https:\/\/zonaroja.com.mx\/?p=47826","title":{"rendered":"Opini\u00f3n. Si queda izquierda, la reforma no pasar\u00e1"},"content":{"rendered":"\n<p>Gibr\u00e1n Ram\u00edrez Reyes*<\/p>\n\n\n\n<p>Desde la izquierda, la democracia fue objeto de una intensa preocupaci\u00f3n sobre todo a partir de los a\u00f1os 50. Francisco J. M\u00fagica, desde el Partido Constitucionalista, apunt\u00f3 que \u201cla herencia pol\u00edtica es funesta en un r\u00e9gimen republicano\u201d y que los malos gobiernos no deb\u00edan tener derecho al continuismo, por lo que era indispensable una reforma electoral.&nbsp;<\/p>\n\n\n\n<p>En 1951 y ante una propuesta de reforma electoral autoritaria como la que hoy se plantea, todos los opositores revolucionarios y de izquierda reclamaron una aut\u00e9ntica reforma democratizadora, que quitara control de las elecciones al gobierno y generara igualdad para todos los partidos.&nbsp;<\/p>\n\n\n\n<p>Sab\u00edan ya lo que quer\u00edan, pero todav\u00eda no sab\u00edan c\u00f3mo iban a lograrlo. Perdieron la batalla, el autoritarismo se encumbr\u00f3 y las ideas tardaron en tomar la forma de una agenda pol\u00edtica.<\/p>\n\n\n\n<p>En 1954, el Partido Comunista Mexicano propuso la creaci\u00f3n \u201cde un Consejo Nacional Electoral que deber\u00eda encargarse de toda la preparaci\u00f3n, vigilancia y calificaci\u00f3n del proceso electoral; la independencia de los \u00f3rganos electorales; ausencia de los poderes Ejecutivo y Legislativo en el Consejo Nacional Electoral e igualdad plena de todos los partidos\u201d.&nbsp;<\/p>\n\n\n\n<p>Destac\u00f3 en la demanda de democratizar gobierno y partidos la voz de David Alfaro Siqueiros, apoyado por Jos\u00e9 Revueltas. Siqueiros se declaraba en 1957 \u201ccontra la imposici\u00f3n tapada\u201d y ped\u00eda que el presidente no fuera \u00e1rbitro ni siquiera dentro de su partido, adem\u00e1s de la reforma electoral que, consideraba, tendr\u00eda que convertirse en una de las principales banderas y hasta en un deber militante.&nbsp;<\/p>\n\n\n\n<p>Las ideas de Siqueiros, Revueltas y los comunistas democr\u00e1ticos fueron conquistando terreno y ganaron importancia en los a\u00f1os 60.&nbsp;<\/p>\n\n\n\n<p>A esas voces se sum\u00f3 L\u00e1zaro C\u00e1rdenas y los cardenistas a partir de 1957 (cuando, desde luego, fueron tachados de traidores dentro del PRI).&nbsp;<\/p>\n\n\n\n<p>Esa confluencia entre las izquierdas \u2014y la que se dio entre estas y liberales ilustrados como Jes\u00fas Reyes Heroles\u2014 provoc\u00f3 la paulatina apertura del sistema electoral desde 1963 y hasta los 90, cuando el Consejo imaginado en 1954 por los comunistas, independiente del gobierno, de los partidos y del poder Legislativo&nbsp;se institucionaliz\u00f3.<\/p>\n\n\n\n<p>De las corrientes que impulsaron esos cambios que permitieron nuestro pluralismo naci\u00f3 la izquierda contempor\u00e1nea que acogi\u00f3 y elev\u00f3 a L\u00f3pez Obrador, quien hoy la desconoce y destruye con la complicidad de miles de antiguos militantes.&nbsp;<\/p>\n\n\n\n<p>En una actitud ad\u00e1nica (es decir, que considera que la historia comienza con \u00e9l), AMLO pretende enterrar el principal legado de la lucha democr\u00e1tica de las izquierdas.&nbsp;<\/p>\n\n\n\n<p>La reforma pol\u00edtica y la reorganizaci\u00f3n del Estado mexicano para construir un aparato verdaderamente democr\u00e1tico son horizontes deseables, siempre que se discuta seriamente y se avance con cuidado y el m\u00e1ximo acuerdo posible.&nbsp;<\/p>\n\n\n\n<p>La condici\u00f3n m\u00ednima del pluralismo es la posibilidad latente de que las minor\u00edas se conviertan en mayor\u00edas. La reforma de AMLO pretende enterrar esa posibilidad y camina hacia el autoritarismo.&nbsp;<\/p>\n\n\n\n<p>Si queda izquierda en Morena, si sus legisladores y legisladoras tienen respeto por la historia y la memoria, preferir\u00e1n sin duda acompa\u00f1ar el legado de Francisco J. M\u00fagica, L\u00e1zaro C\u00e1rdenas, David Alfaro Siqueiros, Arnoldo Mart\u00ednez Verdugo y cientos de miles de militantes durante largos decenios en lugar de convertirse en vergonzantes levantadedos del de Miguel Alem\u00e1n reencarnado en Andr\u00e9s Manuel L\u00f3pez Obrador.<\/p>\n\n\n\n<p>*Doctor en ciencia pol\u00edtica por la UNAM.<\/p>\n\n\n\n<p>@gibranrr<\/p>\n","protected":false},"excerpt":{"rendered":"<p>Gibr\u00e1n Ram\u00edrez Reyes* Desde la izquierda, la democracia fue objeto de una intensa preocupaci\u00f3n sobre&hellip;<\/p>\n","protected":false},"author":2,"featured_media":41734,"comment_status":"closed","ping_status":"open","sticky":false,"template":"","format":"standard","meta":{"_lmt_disableupdate":"","_lmt_disable":"","_jetpack_memberships_contains_paid_content":false,"footnotes":""},"categories":[456,109],"tags":[2489],"class_list":["post-47826","post","type-post","status-publish","format-standard","has-post-thumbnail","hentry","category-columna","category-minuto-a-minuto","tag-gibran-ramirez-reyes"],"jetpack_featured_media_url":"https:\/\/zonaroja.com.mx\/wp-content\/uploads\/2022\/05\/Opinion-Gibran-Ramirez-Reyes.jpg","jetpack_sharing_enabled":true,"_links":{"self":[{"href":"https:\/\/zonaroja.com.mx\/index.php?rest_route=\/wp\/v2\/posts\/47826","targetHints":{"allow":["GET"]}}],"collection":[{"href":"https:\/\/zonaroja.com.mx\/index.php?rest_route=\/wp\/v2\/posts"}],"about":[{"href":"https:\/\/zonaroja.com.mx\/index.php?rest_route=\/wp\/v2\/types\/post"}],"author":[{"embeddable":true,"href":"https:\/\/zonaroja.com.mx\/index.php?rest_route=\/wp\/v2\/users\/2"}],"replies":[{"embeddable":true,"href":"https:\/\/zonaroja.com.mx\/index.php?rest_route=%2Fwp%2Fv2%2Fcomments&post=47826"}],"version-history":[{"count":1,"href":"https:\/\/zonaroja.com.mx\/index.php?rest_route=\/wp\/v2\/posts\/47826\/revisions"}],"predecessor-version":[{"id":47827,"href":"https:\/\/zonaroja.com.mx\/index.php?rest_route=\/wp\/v2\/posts\/47826\/revisions\/47827"}],"wp:featuredmedia":[{"embeddable":true,"href":"https:\/\/zonaroja.com.mx\/index.php?rest_route=\/wp\/v2\/media\/41734"}],"wp:attachment":[{"href":"https:\/\/zonaroja.com.mx\/index.php?rest_route=%2Fwp%2Fv2%2Fmedia&parent=47826"}],"wp:term":[{"taxonomy":"category","embeddable":true,"href":"https:\/\/zonaroja.com.mx\/index.php?rest_route=%2Fwp%2Fv2%2Fcategories&post=47826"},{"taxonomy":"post_tag","embeddable":true,"href":"https:\/\/zonaroja.com.mx\/index.php?rest_route=%2Fwp%2Fv2%2Ftags&post=47826"}],"curies":[{"name":"wp","href":"https:\/\/api.w.org\/{rel}","templated":true}]}}