{"id":47828,"date":"2022-11-09T08:12:35","date_gmt":"2022-11-09T14:12:35","guid":{"rendered":"http:\/\/www.zonaroja.com.mx\/?p=47828"},"modified":"2022-11-09T08:12:37","modified_gmt":"2022-11-09T14:12:37","slug":"exigen-justicia-por-muerte-de-menor-en-colegio-williams-de-la-cdmx","status":"publish","type":"post","link":"https:\/\/zonaroja.com.mx\/?p=47828","title":{"rendered":"Exigen justicia por muerte de menor en Colegio Williams de la Cdmx"},"content":{"rendered":"\n<p>Redacci\u00f3n\/Zona Roja Cdmx.<\/p>\n\n\n\n<p>Ciudad de M\u00e9xico, a 9 de noviembre de 2022.- Abner, de apenas seis a\u00f1os, perdi\u00f3 la vida el lunes pasado, cuando se encontraba en su clase de nataci\u00f3n en el colegio Williams, plantel San Jer\u00f3nimo.&nbsp;<\/p>\n\n\n\n<p>Padres de sus compa\u00f1eros y del peque\u00f1o se manifestaron frente a la sede de la instituci\u00f3n, en avenida Patriotismo, a la altura de la calle Empresa, en la alcald\u00eda de Benito Ju\u00e1rez, ante la indiferencia de los directivos, que mantuvieron durante el d\u00eda las actividades normales sin asumir la responsabilidad de la tragedia.<\/p>\n\n\n\n<p>Con carteles los padres de familia exigieron justicia y castigo a los responsables; adem\u00e1s, en los muros del colegio realizaron pintas donde se le\u00eda \u201casesinos\u201d. Tras m\u00e1s de dos horas de protesta, por la fuerza ingresaron al plantel para conocer, despu\u00e9s de casi 24 horas, las acciones que realizaron los directivos.<\/p>\n\n\n\n<p>Enfrentaron al director Juan Camilo Williams, quien tras intentar explicar lo ocurrido, en todo momento fue rebatido por los padres, quienes afirmaron que el colegio intent\u00f3 ocultar la verdad.<\/p>\n\n\n\n<p>Ante la denuncia de los padres, la Fiscal\u00eda General de Justicia inici\u00f3 una carpeta de investigaci\u00f3n por homicidio culposo, tras el deceso del menor ocurrido en la alberca.<\/p>\n\n\n\n<p>Polic\u00edas de Investigaci\u00f3n empezaron la recopilaci\u00f3n de datos y entrevistas a testigos de los hechos, mientras peritos acudieron al plantel a recabar pruebas.<\/p>\n\n\n\n<p>El Instituto de Ciencias Periciales y Servicios Forenses determin\u00f3 que la causa de la muerte de Abner fue asfixia por sumersi\u00f3n, lo cual qued\u00f3 asentado en la carpeta de investigaci\u00f3n FIMC\/UAF-MC-2\/UI-1S\/D\/01990\/11-2022.<\/p>\n\n\n\n<p>Leonardo \u00c1lvarez, padre del menor, se\u00f1al\u00f3 que no les informaron que se hab\u00eda ahogado, que los directivos trataron de manejar una versi\u00f3n que los exime de culpa. Aducen que fue \u201cun desmayo, haciendo alusi\u00f3n a que fue un paro cardiaco. Ten\u00eda una enfermedad, un bloqueo de tercer grado, pero estaba en constante revisi\u00f3n; es un padecimiento cong\u00e9nito y jam\u00e1s necesit\u00f3 marcapasos o tratamiento adicional\u201d, expuso el padre.<\/p>\n\n\n\n<p>Por su parte, la jefa de Gobierno, Claudia Sheinbaum, lament\u00f3 la muerte del menor y se comunic\u00f3 con la familia para brindarles todo el apoyo que requieran. El padre, revel\u00f3, le pidi\u00f3 que se hiciera una investigaci\u00f3n y la fiscal\u00eda abri\u00f3 una carpeta.<\/p>\n\n\n\n<p>En tanto, la Autoridad Educativa Federal en la Ciudad de M\u00e9xico reiter\u00f3 su disposici\u00f3n para aportar la informaci\u00f3n que solicite la FGJ, a fin de coadyuvar en la investigaci\u00f3n y el esclarecimiento de este lamentable suceso.<\/p>\n\n\n\n<p>Inform\u00f3 que revisar\u00e1 la actuaci\u00f3n de las autoridades del plantel con base en la Gu\u00eda operativa para la organizaci\u00f3n y funcionamiento de los servicios de educaci\u00f3n b\u00e1sica para las escuelas particulares en la Ciudad de M\u00e9xico incorporadas a la Secretar\u00eda de Educaci\u00f3n P\u00fablica.<\/p>\n\n\n\n<p>(Informaci\u00f3n de \u201cLa Jornada\u201d)<\/p>\n","protected":false},"excerpt":{"rendered":"<p>Redacci\u00f3n\/Zona Roja Cdmx. Ciudad de M\u00e9xico, a 9 de noviembre de 2022.- Abner, de apenas&hellip;<\/p>\n","protected":false},"author":2,"featured_media":47829,"comment_status":"closed","ping_status":"open","sticky":false,"template":"","format":"standard","meta":{"_lmt_disableupdate":"","_lmt_disable":"","_jetpack_memberships_contains_paid_content":false,"footnotes":""},"categories":[109,47],"tags":[],"class_list":["post-47828","post","type-post","status-publish","format-standard","has-post-thumbnail","hentry","category-minuto-a-minuto","category-zona-gris"],"jetpack_featured_media_url":"https:\/\/zonaroja.com.mx\/wp-content\/uploads\/2022\/11\/Colegio-William-muerte-menor-Cdmx.jpeg","jetpack_sharing_enabled":true,"_links":{"self":[{"href":"https:\/\/zonaroja.com.mx\/index.php?rest_route=\/wp\/v2\/posts\/47828","targetHints":{"allow":["GET"]}}],"collection":[{"href":"https:\/\/zonaroja.com.mx\/index.php?rest_route=\/wp\/v2\/posts"}],"about":[{"href":"https:\/\/zonaroja.com.mx\/index.php?rest_route=\/wp\/v2\/types\/post"}],"author":[{"embeddable":true,"href":"https:\/\/zonaroja.com.mx\/index.php?rest_route=\/wp\/v2\/users\/2"}],"replies":[{"embeddable":true,"href":"https:\/\/zonaroja.com.mx\/index.php?rest_route=%2Fwp%2Fv2%2Fcomments&post=47828"}],"version-history":[{"count":1,"href":"https:\/\/zonaroja.com.mx\/index.php?rest_route=\/wp\/v2\/posts\/47828\/revisions"}],"predecessor-version":[{"id":47830,"href":"https:\/\/zonaroja.com.mx\/index.php?rest_route=\/wp\/v2\/posts\/47828\/revisions\/47830"}],"wp:featuredmedia":[{"embeddable":true,"href":"https:\/\/zonaroja.com.mx\/index.php?rest_route=\/wp\/v2\/media\/47829"}],"wp:attachment":[{"href":"https:\/\/zonaroja.com.mx\/index.php?rest_route=%2Fwp%2Fv2%2Fmedia&parent=47828"}],"wp:term":[{"taxonomy":"category","embeddable":true,"href":"https:\/\/zonaroja.com.mx\/index.php?rest_route=%2Fwp%2Fv2%2Fcategories&post=47828"},{"taxonomy":"post_tag","embeddable":true,"href":"https:\/\/zonaroja.com.mx\/index.php?rest_route=%2Fwp%2Fv2%2Ftags&post=47828"}],"curies":[{"name":"wp","href":"https:\/\/api.w.org\/{rel}","templated":true}]}}