{"id":47839,"date":"2022-11-09T20:39:38","date_gmt":"2022-11-10T02:39:38","guid":{"rendered":"http:\/\/www.zonaroja.com.mx\/?p=47839"},"modified":"2022-11-09T20:39:40","modified_gmt":"2022-11-10T02:39:40","slug":"rautel-y-vanessa-se-habrian-confabulado-para-desaparecer-cuerpo-de-ariadna","status":"publish","type":"post","link":"https:\/\/zonaroja.com.mx\/?p=47839","title":{"rendered":"Rautel y Vanessa se habr\u00edan confabulado para desaparecer cuerpo de Ariadna"},"content":{"rendered":"\n<p>Redacci\u00f3n\/Zona Roja Cdmx.<\/p>\n\n\n\n<p>Ciudad de M\u00e9xico, a 9 de noviembre de 2022.- Este mi\u00e9rcoles se dieron a conocer los mensajes enviados a trav\u00e9s de WhatsApp entre Rautel \u00abN\u00bb y su novia Vanessa \u00abN\u00bb, comunicaci\u00f3n que fue recuperada por las autoridades, pues la mayor\u00eda de los mensajes que se enviaron luego de haberse deshecho del cuerpo de Ariadna ya hab\u00edan sido eliminados.<\/p>\n\n\n\n<p>De acuerdo con la comunicaci\u00f3n que dio a conocer el diario \u201cEl Pa\u00eds\u201d, el mi\u00e9rcoles 2 de noviembre, Vanessa \u00abN\u00bb le envi\u00f3 un mensaje a Rautel \u00abN\u00bb:&nbsp;<\/p>\n\n\n\n<p>\u00abYa me mand\u00f3 msj (mensaje) otro de sus amigos. Creo que el que sabe un poco m\u00e1s es Ernesto, o sea cosas como a qu\u00e9 hora se fue y en qu\u00e9, o sea Uber o taxi. Que si les puedo compartir esa info.&nbsp;Es que van a ir a meter denuncia. Y necesitan lo m\u00e1s de detalles que puedan\u201d<\/p>\n\n\n\n<p>Por su parte, Rautel \u00abN\u00bb le respondi\u00f3:&nbsp;\u00abAmorcito, me da miedo todo esto\u00bb, el mensaje se da dos d\u00edas despu\u00e9s de la muerte de la joven cuando sus amigas les informaron que denunciar\u00edan la desaparici\u00f3n de Ariadna Fernanda.&nbsp;<\/p>\n\n\n\n<p>\u201cPero amor, no es nuestra culpa. Ni va a ser contra ti, simplemente para saber por d\u00f3nde buscar\u201d refiri\u00f3 Vanessa \u00abN\u00bb, no obstante Rautel \u00abN\u00bb se\u00f1al\u00f3: \u00abPues estaremos de por medio\u00bb.<\/p>\n\n\n\n<p>En tanto Vanessa \u00abN\u00bb agreg\u00f3:&nbsp;\u201cS\u00ed, pero pues ya saben que fui la \u00faltima que la vio\u201d y posteriormente le pregunt\u00f3 a Ratuel \u00abN\u00bb qu\u00e9 hacer, a lo que el ahora imputado responde:&nbsp;\u201cEst\u00e1 bien que cooperemos, pero con cuidado en los detalles\u201d. Y ella respondi\u00f3:&nbsp;\u201cLo que me mandes de informaci\u00f3n es lo que les mandar\u00e9\u201d.<\/p>\n\n\n\n<p>Los dos implicados intentaron crear una versi\u00f3n para evitar ser aprehendidos, hecho que sucedi\u00f3 en ambos casos pero en diferentes tiempos, por lo que Rautel \u00abN\u00bb escribe una de las versiones: \u00abNos fuimos del Fisher\u2019s como a las 6.30&#8230; ven\u00eda Ernesto, Anita, Jos\u00e9, Pu\u00f1e, yo y Ari. Estuvimos como en mi casa hasta las 9, todos se fueron (&#8230;)&nbsp;Debi\u00f3 de pedir su Uber como a esas horas, 9 de la noche. Pero nadie confirma que se haya subido al taxi\u201d.<\/p>\n\n\n\n<p>Pero la pareja no contaba con que exist\u00edan los videos de las c\u00e1maras de vigilancia del edificio del departamento de Rautel \u00abN\u00bb del d\u00eda en que acudi\u00f3 Ariadna, esto complic\u00f3 la situaci\u00f3n, pues los conocidos de la joven le pidieron a Vanessa \u00abN\u00bb solicitar los clips, pero ella neg\u00f3 que se viera algo, se\u00f1al\u00f3 que las c\u00e1maras no graban hasta la calle. La solicitud sembr\u00f3 la duda en ambos implicados, pero Rautel \u00abN\u00bb estaba seguro de que las grabaciones duraban s\u00f3lo un d\u00eda. Pero al no ser as\u00ed y poder recabar los audiovisuales, ayud\u00f3 a detectar todo lo ocurrido entre el domingo 30 y el lunes 31 de octubre.<\/p>\n\n\n\n<p>La desaparici\u00f3n, muerte de Ariadna Fernanda L\u00f3pez D\u00edaz&nbsp;y el hallazgo de su cuerpo sin vida a un costado de la base de un puente&nbsp;sobre la carretera&nbsp;Cuautla-Tepoztl\u00e1n, a un kil\u00f3metro de la caseta de cobro de&nbsp;Tepoztl\u00e1n&nbsp;ha tenido una importante evoluci\u00f3n en los \u00faltimos d\u00edas, pues las versiones han cambiado dr\u00e1sticamente, ya que quienes se pensaba eran sus amigos y las \u00faltimas personas en haber visto a la joven con vida, ahora se encuentran en prisi\u00f3n preventiva.<\/p>\n\n\n\n<p>Las investigaciones sobre la muerte de la joven de 27 a\u00f1os de edad que fue vista por \u00faltima vez en la colonia Condesa ahora giran en torno a Rautel \u00abN\u00bb y Vanessa \u00abN\u00bb, quienes de acuerdo con las c\u00e1maras de vigilancia del restaurante al que acudieron con Ariadna y otras personas, as\u00ed como las del departamento ubicado en&nbsp;la calle Campeche #175, colonia Roma Sur, estuvieron con la joven el d\u00eda de su desaparici\u00f3n, contradiciendo parte&nbsp;de las declaraciones emitidas por ellos mismos.<\/p>\n\n\n\n<p>(Informaci\u00f3n de \u201cEl Heraldo de M\u00e9xico\u201d)<\/p>\n","protected":false},"excerpt":{"rendered":"<p>Redacci\u00f3n\/Zona Roja Cdmx. Ciudad de M\u00e9xico, a 9 de noviembre de 2022.- Este mi\u00e9rcoles se&hellip;<\/p>\n","protected":false},"author":2,"featured_media":47840,"comment_status":"closed","ping_status":"open","sticky":false,"template":"","format":"standard","meta":{"_lmt_disableupdate":"","_lmt_disable":"","_jetpack_memberships_contains_paid_content":false,"footnotes":""},"categories":[109,47],"tags":[3307],"class_list":["post-47839","post","type-post","status-publish","format-standard","has-post-thumbnail","hentry","category-minuto-a-minuto","category-zona-gris","tag-ariadna-fernanda-lopez-diaz"],"jetpack_featured_media_url":"https:\/\/zonaroja.com.mx\/wp-content\/uploads\/2022\/11\/Rautel-y-Vanessa-caso-Ariadna.jpeg","jetpack_sharing_enabled":true,"_links":{"self":[{"href":"https:\/\/zonaroja.com.mx\/index.php?rest_route=\/wp\/v2\/posts\/47839","targetHints":{"allow":["GET"]}}],"collection":[{"href":"https:\/\/zonaroja.com.mx\/index.php?rest_route=\/wp\/v2\/posts"}],"about":[{"href":"https:\/\/zonaroja.com.mx\/index.php?rest_route=\/wp\/v2\/types\/post"}],"author":[{"embeddable":true,"href":"https:\/\/zonaroja.com.mx\/index.php?rest_route=\/wp\/v2\/users\/2"}],"replies":[{"embeddable":true,"href":"https:\/\/zonaroja.com.mx\/index.php?rest_route=%2Fwp%2Fv2%2Fcomments&post=47839"}],"version-history":[{"count":1,"href":"https:\/\/zonaroja.com.mx\/index.php?rest_route=\/wp\/v2\/posts\/47839\/revisions"}],"predecessor-version":[{"id":47841,"href":"https:\/\/zonaroja.com.mx\/index.php?rest_route=\/wp\/v2\/posts\/47839\/revisions\/47841"}],"wp:featuredmedia":[{"embeddable":true,"href":"https:\/\/zonaroja.com.mx\/index.php?rest_route=\/wp\/v2\/media\/47840"}],"wp:attachment":[{"href":"https:\/\/zonaroja.com.mx\/index.php?rest_route=%2Fwp%2Fv2%2Fmedia&parent=47839"}],"wp:term":[{"taxonomy":"category","embeddable":true,"href":"https:\/\/zonaroja.com.mx\/index.php?rest_route=%2Fwp%2Fv2%2Fcategories&post=47839"},{"taxonomy":"post_tag","embeddable":true,"href":"https:\/\/zonaroja.com.mx\/index.php?rest_route=%2Fwp%2Fv2%2Ftags&post=47839"}],"curies":[{"name":"wp","href":"https:\/\/api.w.org\/{rel}","templated":true}]}}